{"id":33044,"date":"2025-11-27T19:21:06","date_gmt":"2025-11-27T22:21:06","guid":{"rendered":"https:\/\/redebeneditina.org.br\/pioxi\/?p=33044"},"modified":"2025-11-27T19:21:06","modified_gmt":"2025-11-27T22:21:06","slug":"6o-7o-e-8o-anos-investigando-a-cop-30-e-o-futuro-do-planeta","status":"publish","type":"post","link":"https:\/\/redebeneditina.org.br\/pioxi\/6o-7o-e-8o-anos-investigando-a-cop-30-e-o-futuro-do-planeta\/","title":{"rendered":"6\u00ba, 7\u00ba e 8\u00ba Anos: Investigando a COP 30 e o Futuro do Planeta"},"content":{"rendered":"<p>Durante as aulas de Ci\u00eancias, os alunos do 6\u00ba. 7\u00b0 e 8\u00ba anos embarcaram em uma viagem pelo planeta para conhecer a COP 30, o grande encontro mundial onde l\u00edderes e especialistas discutem solu\u00e7\u00f5es para cuidar do meio ambiente. A turma descobriu o que \u00e9 o evento, por que foi realizado no Brasil e como cada pa\u00eds pode colaborar para reduzir os impactos das mudan\u00e7as clim\u00e1ticas.<\/p>\n<p>Depois da explica\u00e7\u00e3o, a sala se transformou em um verdadeiro espa\u00e7o de investiga\u00e7\u00e3o: os alunos participaram de uma atividade com cruzadinha tem\u00e1tica, que ajudou a fixar os conceitos de forma leve e divertida. A participa\u00e7\u00e3o foi animada, cheia de descobertas e intera\u00e7\u00e3o \u2014 um jeito criativo de aprender sobre o futuro do nosso planeta.<\/p>\nngg_shortcode_0_placeholder\n","protected":false},"excerpt":{"rendered":"<p>Durante as aulas de Ci\u00eancias, os alunos do 6\u00ba. 7\u00b0 e 8\u00ba anos embarcaram em uma viagem pelo planeta para conhecer a COP 30, o grande encontro mundial onde l\u00edderes e especialistas discutem solu\u00e7\u00f5es para cuidar do meio ambiente. A turma descobriu o que \u00e9 o evento, por que foi realizado no Brasil e como&#8230;<\/p>\n","protected":false},"author":4,"featured_media":33060,"comment_status":"closed","ping_status":"closed","sticky":false,"template":"","format":"standard","meta":{"_monsterinsights_skip_tracking":false,"_monsterinsights_sitenote_active":false,"_monsterinsights_sitenote_note":"","_monsterinsights_sitenote_category":0,"ngg_post_thumbnail":0,"footnotes":""},"categories":[107,90,82],"tags":[],"class_list":["post-33044","post","type-post","status-publish","format-standard","has-post-thumbnail","hentry","category-noticia-ano-2025-pioxi","category-ens-fund_ii","category-noticias"],"_links":{"self":[{"href":"https:\/\/redebeneditina.org.br\/pioxi\/wp-json\/wp\/v2\/posts\/33044","targetHints":{"allow":["GET"]}}],"collection":[{"href":"https:\/\/redebeneditina.org.br\/pioxi\/wp-json\/wp\/v2\/posts"}],"about":[{"href":"https:\/\/redebeneditina.org.br\/pioxi\/wp-json\/wp\/v2\/types\/post"}],"author":[{"embeddable":true,"href":"https:\/\/redebeneditina.org.br\/pioxi\/wp-json\/wp\/v2\/users\/4"}],"replies":[{"embeddable":true,"href":"https:\/\/redebeneditina.org.br\/pioxi\/wp-json\/wp\/v2\/comments?post=33044"}],"version-history":[{"count":1,"href":"https:\/\/redebeneditina.org.br\/pioxi\/wp-json\/wp\/v2\/posts\/33044\/revisions"}],"predecessor-version":[{"id":33061,"href":"https:\/\/redebeneditina.org.br\/pioxi\/wp-json\/wp\/v2\/posts\/33044\/revisions\/33061"}],"wp:featuredmedia":[{"embeddable":true,"href":"https:\/\/redebeneditina.org.br\/pioxi\/wp-json\/wp\/v2\/media\/33060"}],"wp:attachment":[{"href":"https:\/\/redebeneditina.org.br\/pioxi\/wp-json\/wp\/v2\/media?parent=33044"}],"wp:term":[{"taxonomy":"category","embeddable":true,"href":"https:\/\/redebeneditina.org.br\/pioxi\/wp-json\/wp\/v2\/categories?post=33044"},{"taxonomy":"post_tag","embeddable":true,"href":"https:\/\/redebeneditina.org.br\/pioxi\/wp-json\/wp\/v2\/tags?post=33044"}],"curies":[{"name":"wp","href":"https:\/\/api.w.org\/{rel}","templated":true}]}}