{"id":33062,"date":"2025-11-27T19:23:28","date_gmt":"2025-11-27T22:23:28","guid":{"rendered":"https:\/\/redebeneditina.org.br\/pioxi\/?p=33062"},"modified":"2025-11-27T19:23:28","modified_gmt":"2025-11-27T22:23:28","slug":"construindo-uma-cultura-de-paz-palestra-sobre-bullying-na-1a-serie","status":"publish","type":"post","link":"https:\/\/redebeneditina.org.br\/pioxi\/construindo-uma-cultura-de-paz-palestra-sobre-bullying-na-1a-serie\/","title":{"rendered":"Construindo uma Cultura de Paz: Palestra sobre Bullying na 1\u00aa S\u00e9rie"},"content":{"rendered":"<div dir=\"ltr\">\n<div class=\"gmail_quote\">\n<div dir=\"ltr\">\n<div dir=\"ltr\">O bullying no ambiente escolar afeta diretamente o bem-estar emocional, social e acad\u00eamico dos estudantes, gerando inseguran\u00e7a, sofrimento e sentimentos de exclus\u00e3o que prejudicam o desenvolvimento saud\u00e1vel de todos.<\/div>\n<div dir=\"ltr\">No Instituto Pio XI, adotamos a\u00e7\u00f5es cont\u00ednuas de preven\u00e7\u00e3o e enfrentamento ao bullying, promovendo reflex\u00e3o, sensibiliza\u00e7\u00e3o e di\u00e1logo entre os alunos.<\/div>\n<div dir=\"ltr\">Desta vez, foram os estudantes da 1\u00aa s\u00e9rie do Ensino M\u00e9dio que assumiram o protagonismo e apresentaram uma palestra sobre o tema aos seus colegas, fortalecendo o aprendizado entre pares.<\/div>\n<div dir=\"ltr\">Acreditamos que a escola \u00e9 um espa\u00e7o de constru\u00e7\u00e3o coletiva, no qual precisamos desconstruir comportamentos agressivos, desenvolver a empatia e incentivar atitudes respons\u00e1veis.<\/div>\n<div dir=\"ltr\">Assim, caminhamos para que nosso ambiente escolar seja cada vez mais acolhedor, seguro e comprometido com uma verdadeira cultura de paz.&nbsp;&nbsp;<\/div>\n<div dir=\"ltr\">ngg_shortcode_0_placeholder<\/div>\n<\/div>\n<\/div>\n<\/div>\n","protected":false},"excerpt":{"rendered":"<p>O bullying no ambiente escolar afeta diretamente o bem-estar emocional, social e acad\u00eamico dos estudantes, gerando inseguran\u00e7a, sofrimento e sentimentos de exclus\u00e3o que prejudicam o desenvolvimento saud\u00e1vel de todos. No Instituto Pio XI, adotamos a\u00e7\u00f5es cont\u00ednuas de preven\u00e7\u00e3o e enfrentamento ao bullying, promovendo reflex\u00e3o, sensibiliza\u00e7\u00e3o e di\u00e1logo entre os alunos. Desta vez, foram os estudantes&#8230;<\/p>\n","protected":false},"author":4,"featured_media":33070,"comment_status":"closed","ping_status":"closed","sticky":false,"template":"","format":"standard","meta":{"_monsterinsights_skip_tracking":false,"_monsterinsights_sitenote_active":false,"_monsterinsights_sitenote_note":"","_monsterinsights_sitenote_category":0,"ngg_post_thumbnail":0,"footnotes":""},"categories":[107,91,82],"tags":[],"class_list":["post-33062","post","type-post","status-publish","format-standard","has-post-thumbnail","hentry","category-noticia-ano-2025-pioxi","category-ens-medio","category-noticias"],"_links":{"self":[{"href":"https:\/\/redebeneditina.org.br\/pioxi\/wp-json\/wp\/v2\/posts\/33062","targetHints":{"allow":["GET"]}}],"collection":[{"href":"https:\/\/redebeneditina.org.br\/pioxi\/wp-json\/wp\/v2\/posts"}],"about":[{"href":"https:\/\/redebeneditina.org.br\/pioxi\/wp-json\/wp\/v2\/types\/post"}],"author":[{"embeddable":true,"href":"https:\/\/redebeneditina.org.br\/pioxi\/wp-json\/wp\/v2\/users\/4"}],"replies":[{"embeddable":true,"href":"https:\/\/redebeneditina.org.br\/pioxi\/wp-json\/wp\/v2\/comments?post=33062"}],"version-history":[{"count":1,"href":"https:\/\/redebeneditina.org.br\/pioxi\/wp-json\/wp\/v2\/posts\/33062\/revisions"}],"predecessor-version":[{"id":33071,"href":"https:\/\/redebeneditina.org.br\/pioxi\/wp-json\/wp\/v2\/posts\/33062\/revisions\/33071"}],"wp:featuredmedia":[{"embeddable":true,"href":"https:\/\/redebeneditina.org.br\/pioxi\/wp-json\/wp\/v2\/media\/33070"}],"wp:attachment":[{"href":"https:\/\/redebeneditina.org.br\/pioxi\/wp-json\/wp\/v2\/media?parent=33062"}],"wp:term":[{"taxonomy":"category","embeddable":true,"href":"https:\/\/redebeneditina.org.br\/pioxi\/wp-json\/wp\/v2\/categories?post=33062"},{"taxonomy":"post_tag","embeddable":true,"href":"https:\/\/redebeneditina.org.br\/pioxi\/wp-json\/wp\/v2\/tags?post=33062"}],"curies":[{"name":"wp","href":"https:\/\/api.w.org\/{rel}","templated":true}]}}