{"id":33088,"date":"2025-11-28T13:20:52","date_gmt":"2025-11-28T16:20:52","guid":{"rendered":"https:\/\/redebeneditina.org.br\/pioxi\/?p=33088"},"modified":"2025-12-01T13:26:45","modified_gmt":"2025-12-01T16:26:45","slug":"mural-digital-do-ef8-sobre-a-cop-30-conscientizacao-ambiental-em-foco","status":"publish","type":"post","link":"https:\/\/redebeneditina.org.br\/pioxi\/mural-digital-do-ef8-sobre-a-cop-30-conscientizacao-ambiental-em-foco\/","title":{"rendered":"Mural Digital do EF8 sobre a COP 30: Conscientiza\u00e7\u00e3o Ambiental em Foco"},"content":{"rendered":"<p>Os alunos do EF8, na aula de ingl\u00eas e com orienta\u00e7\u00e3o da professora Heloisa, criaram um mural eletr\u00f4nico sobe a 30th Conference of the parties (COP 30).<\/p>\n<p>A atividade foi reslizada \u00e0 fim de promover a conscientiza\u00e7\u00e3o sobre a preserva\u00e7\u00e3o ambiental e as consequ\u00eancias de a\u00e7\u00f5es de desmatamento e polui\u00e7\u00e3o, assim como entender e discutir os objetivos da COP 30.<\/p>\n<p><a href=\"https:\/\/padlet.com\/heloisamoreira16\/cop-30-30th-conference-of-the-parties-eucn0s08laxcgxb6\">https:\/\/padlet.com\/heloisamoreira16\/cop-30-30th-conference-of-the-parties-eucn0s08laxcgxb6<\/a><\/p>\nngg_shortcode_0_placeholder\n","protected":false},"excerpt":{"rendered":"<p>Os alunos do EF8, na aula de ingl\u00eas e com orienta\u00e7\u00e3o da professora Heloisa, criaram um mural eletr\u00f4nico sobe a 30th Conference of the parties (COP 30). A atividade foi reslizada \u00e0 fim de promover a conscientiza\u00e7\u00e3o sobre a preserva\u00e7\u00e3o ambiental e as consequ\u00eancias de a\u00e7\u00f5es de desmatamento e polui\u00e7\u00e3o, assim como entender e discutir&#8230;<\/p>\n","protected":false},"author":4,"featured_media":33099,"comment_status":"closed","ping_status":"closed","sticky":false,"template":"","format":"standard","meta":{"_monsterinsights_skip_tracking":false,"_monsterinsights_sitenote_active":false,"_monsterinsights_sitenote_note":"","_monsterinsights_sitenote_category":0,"ngg_post_thumbnail":0,"footnotes":""},"categories":[107,90,82],"tags":[],"class_list":["post-33088","post","type-post","status-publish","format-standard","has-post-thumbnail","hentry","category-noticia-ano-2025-pioxi","category-ens-fund_ii","category-noticias"],"_links":{"self":[{"href":"https:\/\/redebeneditina.org.br\/pioxi\/wp-json\/wp\/v2\/posts\/33088","targetHints":{"allow":["GET"]}}],"collection":[{"href":"https:\/\/redebeneditina.org.br\/pioxi\/wp-json\/wp\/v2\/posts"}],"about":[{"href":"https:\/\/redebeneditina.org.br\/pioxi\/wp-json\/wp\/v2\/types\/post"}],"author":[{"embeddable":true,"href":"https:\/\/redebeneditina.org.br\/pioxi\/wp-json\/wp\/v2\/users\/4"}],"replies":[{"embeddable":true,"href":"https:\/\/redebeneditina.org.br\/pioxi\/wp-json\/wp\/v2\/comments?post=33088"}],"version-history":[{"count":2,"href":"https:\/\/redebeneditina.org.br\/pioxi\/wp-json\/wp\/v2\/posts\/33088\/revisions"}],"predecessor-version":[{"id":33101,"href":"https:\/\/redebeneditina.org.br\/pioxi\/wp-json\/wp\/v2\/posts\/33088\/revisions\/33101"}],"wp:featuredmedia":[{"embeddable":true,"href":"https:\/\/redebeneditina.org.br\/pioxi\/wp-json\/wp\/v2\/media\/33099"}],"wp:attachment":[{"href":"https:\/\/redebeneditina.org.br\/pioxi\/wp-json\/wp\/v2\/media?parent=33088"}],"wp:term":[{"taxonomy":"category","embeddable":true,"href":"https:\/\/redebeneditina.org.br\/pioxi\/wp-json\/wp\/v2\/categories?post=33088"},{"taxonomy":"post_tag","embeddable":true,"href":"https:\/\/redebeneditina.org.br\/pioxi\/wp-json\/wp\/v2\/tags?post=33088"}],"curies":[{"name":"wp","href":"https:\/\/api.w.org\/{rel}","templated":true}]}}