{"id":33102,"date":"2025-12-01T13:29:47","date_gmt":"2025-12-01T16:29:47","guid":{"rendered":"https:\/\/redebeneditina.org.br\/pioxi\/?p=33102"},"modified":"2025-12-01T13:29:47","modified_gmt":"2025-12-01T16:29:47","slug":"thanksgiving-day-educacao-infantil-ao-5o-ano-celebram-com-partilha-e-gratidao","status":"publish","type":"post","link":"https:\/\/redebeneditina.org.br\/pioxi\/thanksgiving-day-educacao-infantil-ao-5o-ano-celebram-com-partilha-e-gratidao\/","title":{"rendered":"Thanksgiving Day: Educa\u00e7\u00e3o Infantil ao 5\u00ba Ano celebram com Partilha e Gratid\u00e3o"},"content":{"rendered":"<p>As turmas da Educa\u00e7\u00e3o Infantil ao 5\u00b0 ano celebraram Thanksgiving Day (Dia de A\u00e7\u00e3o de Gra\u00e7as) na quarta 5\u00aa feira de novembro, assim como \u00e9 feito nos Estados Unidos. &nbsp;<\/p>\n<p>Na partilha do p\u00e3o promovida pela equipe de L\u00edngua Inglesa, os alunos rezaram e agradeceram as b\u00ean\u00e7\u00e3os recebidas durante o ano.<\/p>\nngg_shortcode_0_placeholder\n<p>&nbsp;<\/p>\n","protected":false},"excerpt":{"rendered":"<p>As turmas da Educa\u00e7\u00e3o Infantil ao 5\u00b0 ano celebraram Thanksgiving Day (Dia de A\u00e7\u00e3o de Gra\u00e7as) na quarta 5\u00aa feira de novembro, assim como \u00e9 feito nos Estados Unidos. &nbsp; Na partilha do p\u00e3o promovida pela equipe de L\u00edngua Inglesa, os alunos rezaram e agradeceram as b\u00ean\u00e7\u00e3os recebidas durante o ano. &nbsp; &nbsp;<\/p>\n","protected":false},"author":4,"featured_media":33137,"comment_status":"closed","ping_status":"closed","sticky":false,"template":"","format":"standard","meta":{"_monsterinsights_skip_tracking":false,"_monsterinsights_sitenote_active":false,"_monsterinsights_sitenote_note":"","_monsterinsights_sitenote_category":0,"ngg_post_thumbnail":0,"footnotes":""},"categories":[107,88,89,82,95],"tags":[],"class_list":["post-33102","post","type-post","status-publish","format-standard","has-post-thumbnail","hentry","category-noticia-ano-2025-pioxi","category-ed-infantil","category-ens-fund_i","category-noticias","category-pastoral-escolar"],"_links":{"self":[{"href":"https:\/\/redebeneditina.org.br\/pioxi\/wp-json\/wp\/v2\/posts\/33102","targetHints":{"allow":["GET"]}}],"collection":[{"href":"https:\/\/redebeneditina.org.br\/pioxi\/wp-json\/wp\/v2\/posts"}],"about":[{"href":"https:\/\/redebeneditina.org.br\/pioxi\/wp-json\/wp\/v2\/types\/post"}],"author":[{"embeddable":true,"href":"https:\/\/redebeneditina.org.br\/pioxi\/wp-json\/wp\/v2\/users\/4"}],"replies":[{"embeddable":true,"href":"https:\/\/redebeneditina.org.br\/pioxi\/wp-json\/wp\/v2\/comments?post=33102"}],"version-history":[{"count":1,"href":"https:\/\/redebeneditina.org.br\/pioxi\/wp-json\/wp\/v2\/posts\/33102\/revisions"}],"predecessor-version":[{"id":33138,"href":"https:\/\/redebeneditina.org.br\/pioxi\/wp-json\/wp\/v2\/posts\/33102\/revisions\/33138"}],"wp:featuredmedia":[{"embeddable":true,"href":"https:\/\/redebeneditina.org.br\/pioxi\/wp-json\/wp\/v2\/media\/33137"}],"wp:attachment":[{"href":"https:\/\/redebeneditina.org.br\/pioxi\/wp-json\/wp\/v2\/media?parent=33102"}],"wp:term":[{"taxonomy":"category","embeddable":true,"href":"https:\/\/redebeneditina.org.br\/pioxi\/wp-json\/wp\/v2\/categories?post=33102"},{"taxonomy":"post_tag","embeddable":true,"href":"https:\/\/redebeneditina.org.br\/pioxi\/wp-json\/wp\/v2\/tags?post=33102"}],"curies":[{"name":"wp","href":"https:\/\/api.w.org\/{rel}","templated":true}]}}