{"id":33140,"date":"2025-12-02T10:13:33","date_gmt":"2025-12-02T13:13:33","guid":{"rendered":"https:\/\/redebeneditina.org.br\/pioxi\/?p=33140"},"modified":"2025-12-02T10:13:33","modified_gmt":"2025-12-02T13:13:33","slug":"descobrindo-letras-pre-1-explora-o-alfabeto-com-tecnologia-e-diversao","status":"publish","type":"post","link":"https:\/\/redebeneditina.org.br\/pioxi\/descobrindo-letras-pre-1-explora-o-alfabeto-com-tecnologia-e-diversao\/","title":{"rendered":"Descobrindo Letras: Pr\u00e9 1 Explora o Alfabeto com Tecnologia e Divers\u00e3o"},"content":{"rendered":"<p>A turma do Pr\u00e9 1 revisou o alfabeto no laborat\u00f3rio de inform\u00e1tica, vivendo um momento cheio de alegria, curiosidade e descobertas.<\/p>\n<p>As crian\u00e7as exploraram as letras de forma interativa, aprendendo enquanto brincavam e fortalecendo ainda mais a parceria entre os colegas.<\/p>\n<p>Foi uma experi\u00eancia enriquecedora, que uniu tecnologia, aprendizado e divers\u00e3o.<\/p>\nngg_shortcode_0_placeholder\n","protected":false},"excerpt":{"rendered":"<p>A turma do Pr\u00e9 1 revisou o alfabeto no laborat\u00f3rio de inform\u00e1tica, vivendo um momento cheio de alegria, curiosidade e descobertas. As crian\u00e7as exploraram as letras de forma interativa, aprendendo enquanto brincavam e fortalecendo ainda mais a parceria entre os colegas. Foi uma experi\u00eancia enriquecedora, que uniu tecnologia, aprendizado e divers\u00e3o. &nbsp;<\/p>\n","protected":false},"author":4,"featured_media":33148,"comment_status":"closed","ping_status":"closed","sticky":false,"template":"","format":"standard","meta":{"_monsterinsights_skip_tracking":false,"_monsterinsights_sitenote_active":false,"_monsterinsights_sitenote_note":"","_monsterinsights_sitenote_category":0,"ngg_post_thumbnail":0,"footnotes":""},"categories":[107,88,82],"tags":[],"class_list":["post-33140","post","type-post","status-publish","format-standard","has-post-thumbnail","hentry","category-noticia-ano-2025-pioxi","category-ed-infantil","category-noticias"],"_links":{"self":[{"href":"https:\/\/redebeneditina.org.br\/pioxi\/wp-json\/wp\/v2\/posts\/33140","targetHints":{"allow":["GET"]}}],"collection":[{"href":"https:\/\/redebeneditina.org.br\/pioxi\/wp-json\/wp\/v2\/posts"}],"about":[{"href":"https:\/\/redebeneditina.org.br\/pioxi\/wp-json\/wp\/v2\/types\/post"}],"author":[{"embeddable":true,"href":"https:\/\/redebeneditina.org.br\/pioxi\/wp-json\/wp\/v2\/users\/4"}],"replies":[{"embeddable":true,"href":"https:\/\/redebeneditina.org.br\/pioxi\/wp-json\/wp\/v2\/comments?post=33140"}],"version-history":[{"count":1,"href":"https:\/\/redebeneditina.org.br\/pioxi\/wp-json\/wp\/v2\/posts\/33140\/revisions"}],"predecessor-version":[{"id":33149,"href":"https:\/\/redebeneditina.org.br\/pioxi\/wp-json\/wp\/v2\/posts\/33140\/revisions\/33149"}],"wp:featuredmedia":[{"embeddable":true,"href":"https:\/\/redebeneditina.org.br\/pioxi\/wp-json\/wp\/v2\/media\/33148"}],"wp:attachment":[{"href":"https:\/\/redebeneditina.org.br\/pioxi\/wp-json\/wp\/v2\/media?parent=33140"}],"wp:term":[{"taxonomy":"category","embeddable":true,"href":"https:\/\/redebeneditina.org.br\/pioxi\/wp-json\/wp\/v2\/categories?post=33140"},{"taxonomy":"post_tag","embeddable":true,"href":"https:\/\/redebeneditina.org.br\/pioxi\/wp-json\/wp\/v2\/tags?post=33140"}],"curies":[{"name":"wp","href":"https:\/\/api.w.org\/{rel}","templated":true}]}}