{"id":33150,"date":"2025-12-02T11:01:49","date_gmt":"2025-12-02T14:01:49","guid":{"rendered":"https:\/\/redebeneditina.org.br\/pioxi\/?p=33150"},"modified":"2025-12-03T11:01:59","modified_gmt":"2025-12-03T14:01:59","slug":"basquete-masculino-e-bicampeao-da-liga-estudantil-carioca-sub-18","status":"publish","type":"post","link":"https:\/\/redebeneditina.org.br\/pioxi\/basquete-masculino-e-bicampeao-da-liga-estudantil-carioca-sub-18\/","title":{"rendered":"Basquete Masculino \u00e9 Bicampe\u00e3o da Liga Estudantil Carioca \u2013 Sub-18"},"content":{"rendered":"<p data-start=\"296\" data-end=\"721\">Nosso time de Basquete Masculino conquistou, pelo segundo ano consecutivo, o t\u00edtulo da Liga Estudantil Carioca (LEC) na categoria Sub-18.<\/p>\n<p data-start=\"296\" data-end=\"721\">Parabenizamos com muito orgulho os nossos alunos-atletas e o professor\/t\u00e9cnico Dudu, cuja dedica\u00e7\u00e3o, talento e esp\u00edrito de equipe fizeram toda a diferen\u00e7a.<\/p>\n<p data-start=\"296\" data-end=\"721\">Mais uma vit\u00f3ria que reafirma nosso compromisso com o esporte, a disciplina e o desenvolvimento integral dos nossos estudantes.<\/p>\n<p data-start=\"296\" data-end=\"721\"><img fetchpriority=\"high\" decoding=\"async\" class=\"alignnone size-full wp-image-33152\" src=\"https:\/\/redebeneditina.org.br\/pioxi\/wp-content\/uploads\/2025\/12\/trofeu-pioxi-03122025.jpeg\" alt=\"\" width=\"1080\" height=\"1350\" srcset=\"https:\/\/redebeneditina.org.br\/pioxi\/wp-content\/uploads\/2025\/12\/trofeu-pioxi-03122025.jpeg 1080w, https:\/\/redebeneditina.org.br\/pioxi\/wp-content\/uploads\/2025\/12\/trofeu-pioxi-03122025-240x300.jpeg 240w, https:\/\/redebeneditina.org.br\/pioxi\/wp-content\/uploads\/2025\/12\/trofeu-pioxi-03122025-819x1024.jpeg 819w, https:\/\/redebeneditina.org.br\/pioxi\/wp-content\/uploads\/2025\/12\/trofeu-pioxi-03122025-768x960.jpeg 768w\" sizes=\"(max-width: 1080px) 100vw, 1080px\" \/><\/p>\n","protected":false},"excerpt":{"rendered":"<p>Nosso time de Basquete Masculino conquistou, pelo segundo ano consecutivo, o t\u00edtulo da Liga Estudantil Carioca (LEC) na categoria Sub-18. Parabenizamos com muito orgulho os nossos alunos-atletas e o professor\/t\u00e9cnico Dudu, cuja dedica\u00e7\u00e3o, talento e esp\u00edrito de equipe fizeram toda a diferen\u00e7a. Mais uma vit\u00f3ria que reafirma nosso compromisso com o esporte, a disciplina e&#8230;<\/p>\n","protected":false},"author":4,"featured_media":33151,"comment_status":"closed","ping_status":"closed","sticky":false,"template":"","format":"standard","meta":{"_monsterinsights_skip_tracking":false,"_monsterinsights_sitenote_active":false,"_monsterinsights_sitenote_note":"","_monsterinsights_sitenote_category":0,"ngg_post_thumbnail":0,"footnotes":""},"categories":[107,90,91,82],"tags":[],"class_list":["post-33150","post","type-post","status-publish","format-standard","has-post-thumbnail","hentry","category-noticia-ano-2025-pioxi","category-ens-fund_ii","category-ens-medio","category-noticias"],"_links":{"self":[{"href":"https:\/\/redebeneditina.org.br\/pioxi\/wp-json\/wp\/v2\/posts\/33150","targetHints":{"allow":["GET"]}}],"collection":[{"href":"https:\/\/redebeneditina.org.br\/pioxi\/wp-json\/wp\/v2\/posts"}],"about":[{"href":"https:\/\/redebeneditina.org.br\/pioxi\/wp-json\/wp\/v2\/types\/post"}],"author":[{"embeddable":true,"href":"https:\/\/redebeneditina.org.br\/pioxi\/wp-json\/wp\/v2\/users\/4"}],"replies":[{"embeddable":true,"href":"https:\/\/redebeneditina.org.br\/pioxi\/wp-json\/wp\/v2\/comments?post=33150"}],"version-history":[{"count":1,"href":"https:\/\/redebeneditina.org.br\/pioxi\/wp-json\/wp\/v2\/posts\/33150\/revisions"}],"predecessor-version":[{"id":33153,"href":"https:\/\/redebeneditina.org.br\/pioxi\/wp-json\/wp\/v2\/posts\/33150\/revisions\/33153"}],"wp:featuredmedia":[{"embeddable":true,"href":"https:\/\/redebeneditina.org.br\/pioxi\/wp-json\/wp\/v2\/media\/33151"}],"wp:attachment":[{"href":"https:\/\/redebeneditina.org.br\/pioxi\/wp-json\/wp\/v2\/media?parent=33150"}],"wp:term":[{"taxonomy":"category","embeddable":true,"href":"https:\/\/redebeneditina.org.br\/pioxi\/wp-json\/wp\/v2\/categories?post=33150"},{"taxonomy":"post_tag","embeddable":true,"href":"https:\/\/redebeneditina.org.br\/pioxi\/wp-json\/wp\/v2\/tags?post=33150"}],"curies":[{"name":"wp","href":"https:\/\/api.w.org\/{rel}","templated":true}]}}