{"id":33154,"date":"2025-12-02T11:05:35","date_gmt":"2025-12-02T14:05:35","guid":{"rendered":"https:\/\/redebeneditina.org.br\/pioxi\/?p=33154"},"modified":"2025-12-03T11:06:49","modified_gmt":"2025-12-03T14:06:49","slug":"auto-de-natal-06-12","status":"publish","type":"post","link":"https:\/\/redebeneditina.org.br\/pioxi\/auto-de-natal-06-12\/","title":{"rendered":"Auto de Natal &#8211; 06\/12"},"content":{"rendered":"<p>&#8220;Natal, momento de acolher aquele que trouxe a f\u00e9, o amor e a esperan\u00e7a.\u201d<\/p>\n<p>A comunidade escolar do Instituto Pio XI est\u00e1 convidada para prestigiar o nosso Auto de Natal com os alunos da Educa\u00e7\u00e3o Infantil ao 5\u00ba ano do Ensino Fundamental!<\/p>\n<p>Data: 06 de dezembro de 2025 (s\u00e1bado)<br \/>\nHor\u00e1rio: A partir das 10h<br \/>\nLocal: Gin\u00e1sio S\u00e3o Jos\u00e9<\/p>\n<p>Aten\u00e7\u00e3o, fam\u00edlias!<br \/>\nOs alunos participantes dever\u00e3o chegar \u00e0s 9h30min.<\/p>\n<p>Contamos com a presen\u00e7a de todos para tornar este momento ainda mais especial!<\/p>\n<p>Esperamos por voc\u00eas!<\/p>\n","protected":false},"excerpt":{"rendered":"<p>&#8220;Natal, momento de acolher aquele que trouxe a f\u00e9, o amor e a esperan\u00e7a.\u201d A comunidade escolar do Instituto Pio XI est\u00e1 convidada para prestigiar o nosso Auto de Natal com os alunos da Educa\u00e7\u00e3o Infantil ao 5\u00ba ano do Ensino Fundamental! Data: 06 de dezembro de 2025 (s\u00e1bado) Hor\u00e1rio: A partir das 10h Local:&#8230;<\/p>\n","protected":false},"author":4,"featured_media":33155,"comment_status":"closed","ping_status":"closed","sticky":false,"template":"","format":"standard","meta":{"_monsterinsights_skip_tracking":false,"_monsterinsights_sitenote_active":false,"_monsterinsights_sitenote_note":"","_monsterinsights_sitenote_category":0,"ngg_post_thumbnail":0,"footnotes":""},"categories":[107,88,89,82,95],"tags":[],"class_list":["post-33154","post","type-post","status-publish","format-standard","has-post-thumbnail","hentry","category-noticia-ano-2025-pioxi","category-ed-infantil","category-ens-fund_i","category-noticias","category-pastoral-escolar"],"_links":{"self":[{"href":"https:\/\/redebeneditina.org.br\/pioxi\/wp-json\/wp\/v2\/posts\/33154","targetHints":{"allow":["GET"]}}],"collection":[{"href":"https:\/\/redebeneditina.org.br\/pioxi\/wp-json\/wp\/v2\/posts"}],"about":[{"href":"https:\/\/redebeneditina.org.br\/pioxi\/wp-json\/wp\/v2\/types\/post"}],"author":[{"embeddable":true,"href":"https:\/\/redebeneditina.org.br\/pioxi\/wp-json\/wp\/v2\/users\/4"}],"replies":[{"embeddable":true,"href":"https:\/\/redebeneditina.org.br\/pioxi\/wp-json\/wp\/v2\/comments?post=33154"}],"version-history":[{"count":2,"href":"https:\/\/redebeneditina.org.br\/pioxi\/wp-json\/wp\/v2\/posts\/33154\/revisions"}],"predecessor-version":[{"id":33157,"href":"https:\/\/redebeneditina.org.br\/pioxi\/wp-json\/wp\/v2\/posts\/33154\/revisions\/33157"}],"wp:featuredmedia":[{"embeddable":true,"href":"https:\/\/redebeneditina.org.br\/pioxi\/wp-json\/wp\/v2\/media\/33155"}],"wp:attachment":[{"href":"https:\/\/redebeneditina.org.br\/pioxi\/wp-json\/wp\/v2\/media?parent=33154"}],"wp:term":[{"taxonomy":"category","embeddable":true,"href":"https:\/\/redebeneditina.org.br\/pioxi\/wp-json\/wp\/v2\/categories?post=33154"},{"taxonomy":"post_tag","embeddable":true,"href":"https:\/\/redebeneditina.org.br\/pioxi\/wp-json\/wp\/v2\/tags?post=33154"}],"curies":[{"name":"wp","href":"https:\/\/api.w.org\/{rel}","templated":true}]}}