{"id":33158,"date":"2025-12-02T11:07:00","date_gmt":"2025-12-02T14:07:00","guid":{"rendered":"https:\/\/redebeneditina.org.br\/pioxi\/?p=33158"},"modified":"2025-12-03T11:11:02","modified_gmt":"2025-12-03T14:11:02","slug":"entrega-de-medalhas-e-certificados-da-olimpiada-de-portugues-op-be-a-ba","status":"publish","type":"post","link":"https:\/\/redebeneditina.org.br\/pioxi\/entrega-de-medalhas-e-certificados-da-olimpiada-de-portugues-op-be-a-ba\/","title":{"rendered":"Entrega de Medalhas e Certificados da Olimp\u00edada de Portugu\u00eas OP B\u00ea-\u00e1-B\u00e1"},"content":{"rendered":"<p>Realizamos a entrega das medalhas e certificados aos alunos do 1\u00ba ao 5\u00ba ano que participaram da Olimp\u00edada de Portugu\u00eas OP B\u00ea-\u00e1-B\u00e1.<\/p>\n<p>Celebramos com orgulho o empenho, a dedica\u00e7\u00e3o e o entusiasmo de cada estudante que abra\u00e7ou este desafio.<\/p>\n<p>Parab\u00e9ns a todos pela conquista e pelo compromisso com o aprendizado!<\/p>\nngg_shortcode_0_placeholder\n","protected":false},"excerpt":{"rendered":"<p>Realizamos a entrega das medalhas e certificados aos alunos do 1\u00ba ao 5\u00ba ano que participaram da Olimp\u00edada de Portugu\u00eas OP B\u00ea-\u00e1-B\u00e1. Celebramos com orgulho o empenho, a dedica\u00e7\u00e3o e o entusiasmo de cada estudante que abra\u00e7ou este desafio. Parab\u00e9ns a todos pela conquista e pelo compromisso com o aprendizado! &nbsp;<\/p>\n","protected":false},"author":4,"featured_media":33168,"comment_status":"closed","ping_status":"closed","sticky":false,"template":"","format":"standard","meta":{"_monsterinsights_skip_tracking":false,"_monsterinsights_sitenote_active":false,"_monsterinsights_sitenote_note":"","_monsterinsights_sitenote_category":0,"ngg_post_thumbnail":0,"footnotes":""},"categories":[107,89,82],"tags":[],"class_list":["post-33158","post","type-post","status-publish","format-standard","has-post-thumbnail","hentry","category-noticia-ano-2025-pioxi","category-ens-fund_i","category-noticias"],"_links":{"self":[{"href":"https:\/\/redebeneditina.org.br\/pioxi\/wp-json\/wp\/v2\/posts\/33158","targetHints":{"allow":["GET"]}}],"collection":[{"href":"https:\/\/redebeneditina.org.br\/pioxi\/wp-json\/wp\/v2\/posts"}],"about":[{"href":"https:\/\/redebeneditina.org.br\/pioxi\/wp-json\/wp\/v2\/types\/post"}],"author":[{"embeddable":true,"href":"https:\/\/redebeneditina.org.br\/pioxi\/wp-json\/wp\/v2\/users\/4"}],"replies":[{"embeddable":true,"href":"https:\/\/redebeneditina.org.br\/pioxi\/wp-json\/wp\/v2\/comments?post=33158"}],"version-history":[{"count":1,"href":"https:\/\/redebeneditina.org.br\/pioxi\/wp-json\/wp\/v2\/posts\/33158\/revisions"}],"predecessor-version":[{"id":33167,"href":"https:\/\/redebeneditina.org.br\/pioxi\/wp-json\/wp\/v2\/posts\/33158\/revisions\/33167"}],"wp:featuredmedia":[{"embeddable":true,"href":"https:\/\/redebeneditina.org.br\/pioxi\/wp-json\/wp\/v2\/media\/33168"}],"wp:attachment":[{"href":"https:\/\/redebeneditina.org.br\/pioxi\/wp-json\/wp\/v2\/media?parent=33158"}],"wp:term":[{"taxonomy":"category","embeddable":true,"href":"https:\/\/redebeneditina.org.br\/pioxi\/wp-json\/wp\/v2\/categories?post=33158"},{"taxonomy":"post_tag","embeddable":true,"href":"https:\/\/redebeneditina.org.br\/pioxi\/wp-json\/wp\/v2\/tags?post=33158"}],"curies":[{"name":"wp","href":"https:\/\/api.w.org\/{rel}","templated":true}]}}