{"id":33172,"date":"2025-12-05T16:52:14","date_gmt":"2025-12-05T19:52:14","guid":{"rendered":"https:\/\/redebeneditina.org.br\/pioxi\/?p=33172"},"modified":"2025-12-05T16:52:47","modified_gmt":"2025-12-05T19:52:47","slug":"encerramos-o-novembro-azul-com-uma-linda-culminancia","status":"publish","type":"post","link":"https:\/\/redebeneditina.org.br\/pioxi\/encerramos-o-novembro-azul-com-uma-linda-culminancia\/","title":{"rendered":"Encerramos o Novembro Azul com uma linda culmin\u00e2ncia!"},"content":{"rendered":"<p>Da Educa\u00e7\u00e3o Infantil ao Ensino M\u00e9dio, nossos alunos aprenderam e compartilharam a import\u00e2ncia do cuidado com a sa\u00fade do homem.<\/p>\n<p>Com consci\u00eancia, empatia e informa\u00e7\u00e3o, seguimos formando cidad\u00e3os que valorizam a vida e o bem-estar.&nbsp;&nbsp;<\/p>\nngg_shortcode_0_placeholder\n","protected":false},"excerpt":{"rendered":"<p>Da Educa\u00e7\u00e3o Infantil ao Ensino M\u00e9dio, nossos alunos aprenderam e compartilharam a import\u00e2ncia do cuidado com a sa\u00fade do homem. Com consci\u00eancia, empatia e informa\u00e7\u00e3o, seguimos formando cidad\u00e3os que valorizam a vida e o bem-estar.&nbsp;&nbsp;<\/p>\n","protected":false},"author":4,"featured_media":33207,"comment_status":"closed","ping_status":"closed","sticky":false,"template":"","format":"standard","meta":{"_monsterinsights_skip_tracking":false,"_monsterinsights_sitenote_active":false,"_monsterinsights_sitenote_note":"","_monsterinsights_sitenote_category":0,"ngg_post_thumbnail":0,"footnotes":""},"categories":[107,88,89,90,91,82],"tags":[],"class_list":["post-33172","post","type-post","status-publish","format-standard","has-post-thumbnail","hentry","category-noticia-ano-2025-pioxi","category-ed-infantil","category-ens-fund_i","category-ens-fund_ii","category-ens-medio","category-noticias"],"_links":{"self":[{"href":"https:\/\/redebeneditina.org.br\/pioxi\/wp-json\/wp\/v2\/posts\/33172","targetHints":{"allow":["GET"]}}],"collection":[{"href":"https:\/\/redebeneditina.org.br\/pioxi\/wp-json\/wp\/v2\/posts"}],"about":[{"href":"https:\/\/redebeneditina.org.br\/pioxi\/wp-json\/wp\/v2\/types\/post"}],"author":[{"embeddable":true,"href":"https:\/\/redebeneditina.org.br\/pioxi\/wp-json\/wp\/v2\/users\/4"}],"replies":[{"embeddable":true,"href":"https:\/\/redebeneditina.org.br\/pioxi\/wp-json\/wp\/v2\/comments?post=33172"}],"version-history":[{"count":1,"href":"https:\/\/redebeneditina.org.br\/pioxi\/wp-json\/wp\/v2\/posts\/33172\/revisions"}],"predecessor-version":[{"id":33206,"href":"https:\/\/redebeneditina.org.br\/pioxi\/wp-json\/wp\/v2\/posts\/33172\/revisions\/33206"}],"wp:featuredmedia":[{"embeddable":true,"href":"https:\/\/redebeneditina.org.br\/pioxi\/wp-json\/wp\/v2\/media\/33207"}],"wp:attachment":[{"href":"https:\/\/redebeneditina.org.br\/pioxi\/wp-json\/wp\/v2\/media?parent=33172"}],"wp:term":[{"taxonomy":"category","embeddable":true,"href":"https:\/\/redebeneditina.org.br\/pioxi\/wp-json\/wp\/v2\/categories?post=33172"},{"taxonomy":"post_tag","embeddable":true,"href":"https:\/\/redebeneditina.org.br\/pioxi\/wp-json\/wp\/v2\/tags?post=33172"}],"curies":[{"name":"wp","href":"https:\/\/api.w.org\/{rel}","templated":true}]}}