{"id":33208,"date":"2025-12-08T14:41:56","date_gmt":"2025-12-08T17:41:56","guid":{"rendered":"https:\/\/redebeneditina.org.br\/pioxi\/?p=33208"},"modified":"2025-12-08T14:41:56","modified_gmt":"2025-12-08T17:41:56","slug":"formatura-do-proerd-dos-nossos-alunos-do-5o-e-7o-anos","status":"publish","type":"post","link":"https:\/\/redebeneditina.org.br\/pioxi\/formatura-do-proerd-dos-nossos-alunos-do-5o-e-7o-anos\/","title":{"rendered":"Formatura do\u00a0PROERD dos nossos alunos do\u00a05\u00ba e 7\u00ba anos"},"content":{"rendered":"<p>Os nossos alunos do&nbsp;5\u00ba e 7\u00ba anos&nbsp;celebraram a formatura do&nbsp;PROERD \u2013 Programa Educacional de Resist\u00eancia \u00e0s Drogas e \u00e0 Viol\u00eancia, uma iniciativa que promove a preven\u00e7\u00e3o, o fortalecimento das escolhas saud\u00e1veis e o desenvolvimento de habilidades para lidar com desafios do dia a dia.<\/p>\n<p>Agradecemos aos&nbsp;alunos, pela dedica\u00e7\u00e3o ao longo do programa; \u00e0&nbsp;equipe do PROERD, pela parceria e orienta\u00e7\u00e3o t\u00e3o valiosa; e aos&nbsp;familiares, pela presen\u00e7a e apoio constantes na forma\u00e7\u00e3o dos nossos estudantes.<\/p>\n<p>Que cada aprendizado siga iluminando os caminhos das nossas crian\u00e7as e adolescentes.&nbsp;<\/p>\nngg_shortcode_0_placeholder\n","protected":false},"excerpt":{"rendered":"<p>Os nossos alunos do&nbsp;5\u00ba e 7\u00ba anos&nbsp;celebraram a formatura do&nbsp;PROERD \u2013 Programa Educacional de Resist\u00eancia \u00e0s Drogas e \u00e0 Viol\u00eancia, uma iniciativa que promove a preven\u00e7\u00e3o, o fortalecimento das escolhas saud\u00e1veis e o desenvolvimento de habilidades para lidar com desafios do dia a dia. Agradecemos aos&nbsp;alunos, pela dedica\u00e7\u00e3o ao longo do programa; \u00e0&nbsp;equipe do PROERD,&#8230;<\/p>\n","protected":false},"author":4,"featured_media":33307,"comment_status":"closed","ping_status":"closed","sticky":false,"template":"","format":"standard","meta":{"_monsterinsights_skip_tracking":false,"_monsterinsights_sitenote_active":false,"_monsterinsights_sitenote_note":"","_monsterinsights_sitenote_category":0,"ngg_post_thumbnail":0,"footnotes":""},"categories":[107,89,90,82],"tags":[],"class_list":["post-33208","post","type-post","status-publish","format-standard","has-post-thumbnail","hentry","category-noticia-ano-2025-pioxi","category-ens-fund_i","category-ens-fund_ii","category-noticias"],"_links":{"self":[{"href":"https:\/\/redebeneditina.org.br\/pioxi\/wp-json\/wp\/v2\/posts\/33208","targetHints":{"allow":["GET"]}}],"collection":[{"href":"https:\/\/redebeneditina.org.br\/pioxi\/wp-json\/wp\/v2\/posts"}],"about":[{"href":"https:\/\/redebeneditina.org.br\/pioxi\/wp-json\/wp\/v2\/types\/post"}],"author":[{"embeddable":true,"href":"https:\/\/redebeneditina.org.br\/pioxi\/wp-json\/wp\/v2\/users\/4"}],"replies":[{"embeddable":true,"href":"https:\/\/redebeneditina.org.br\/pioxi\/wp-json\/wp\/v2\/comments?post=33208"}],"version-history":[{"count":1,"href":"https:\/\/redebeneditina.org.br\/pioxi\/wp-json\/wp\/v2\/posts\/33208\/revisions"}],"predecessor-version":[{"id":33308,"href":"https:\/\/redebeneditina.org.br\/pioxi\/wp-json\/wp\/v2\/posts\/33208\/revisions\/33308"}],"wp:featuredmedia":[{"embeddable":true,"href":"https:\/\/redebeneditina.org.br\/pioxi\/wp-json\/wp\/v2\/media\/33307"}],"wp:attachment":[{"href":"https:\/\/redebeneditina.org.br\/pioxi\/wp-json\/wp\/v2\/media?parent=33208"}],"wp:term":[{"taxonomy":"category","embeddable":true,"href":"https:\/\/redebeneditina.org.br\/pioxi\/wp-json\/wp\/v2\/categories?post=33208"},{"taxonomy":"post_tag","embeddable":true,"href":"https:\/\/redebeneditina.org.br\/pioxi\/wp-json\/wp\/v2\/tags?post=33208"}],"curies":[{"name":"wp","href":"https:\/\/api.w.org\/{rel}","templated":true}]}}