{"id":33314,"date":"2025-12-09T10:41:04","date_gmt":"2025-12-09T13:41:04","guid":{"rendered":"https:\/\/redebeneditina.org.br\/pioxi\/?p=33314"},"modified":"2025-12-09T10:41:04","modified_gmt":"2025-12-09T13:41:04","slug":"encerramento-do-ano-letivo-2025-ultimos-dias-de-aula","status":"publish","type":"post","link":"https:\/\/redebeneditina.org.br\/pioxi\/encerramento-do-ano-letivo-2025-ultimos-dias-de-aula\/","title":{"rendered":"Encerramento do Ano Letivo 2025 \u2013 \u00daltimos Dias de Aula"},"content":{"rendered":"<p data-start=\"1098\" data-end=\"1283\">Estamos chegando ao fim de mais um ano letivo repleto de aprendizagens, desafios superados e muitas conquistas. Informamos abaixo as datas dos <strong data-start=\"1241\" data-end=\"1265\">\u00faltimos dias de aula<\/strong> de cada segmento:<\/p>\n<ul data-start=\"1285\" data-end=\"1383\">\n<li data-start=\"1285\" data-end=\"1332\">\n<p data-start=\"1287\" data-end=\"1332\"><strong data-start=\"1287\" data-end=\"1305\">15 de dezembro<\/strong> \u2013 6\u00ba ano ao Ensino M\u00e9dio<\/p>\n<\/li>\n<li data-start=\"1333\" data-end=\"1383\">\n<p data-start=\"1335\" data-end=\"1383\"><strong data-start=\"1335\" data-end=\"1353\">16 de dezembro<\/strong> \u2013 Educa\u00e7\u00e3o Infantil ao 5\u00ba ano<\/p>\n<\/li>\n<\/ul>\n<p data-start=\"1385\" data-end=\"1565\">Agradecemos a presen\u00e7a, parceria e dedica\u00e7\u00e3o de todos ao longo deste ano.<\/p>\n<p data-start=\"1385\" data-end=\"1565\">Desejamos um excelente encerramento e que este per\u00edodo final seja vivido com alegria e boas recorda\u00e7\u00f5es!<\/p>\n","protected":false},"excerpt":{"rendered":"<p>Estamos chegando ao fim de mais um ano letivo repleto de aprendizagens, desafios superados e muitas conquistas. Informamos abaixo as datas dos \u00faltimos dias de aula de cada segmento: 15 de dezembro \u2013 6\u00ba ano ao Ensino M\u00e9dio 16 de dezembro \u2013 Educa\u00e7\u00e3o Infantil ao 5\u00ba ano Agradecemos a presen\u00e7a, parceria e dedica\u00e7\u00e3o de todos&#8230;<\/p>\n","protected":false},"author":4,"featured_media":33315,"comment_status":"closed","ping_status":"closed","sticky":false,"template":"","format":"standard","meta":{"_monsterinsights_skip_tracking":false,"_monsterinsights_sitenote_active":false,"_monsterinsights_sitenote_note":"","_monsterinsights_sitenote_category":0,"ngg_post_thumbnail":0,"footnotes":""},"categories":[107,88,89,90,91,82],"tags":[],"class_list":["post-33314","post","type-post","status-publish","format-standard","has-post-thumbnail","hentry","category-noticia-ano-2025-pioxi","category-ed-infantil","category-ens-fund_i","category-ens-fund_ii","category-ens-medio","category-noticias"],"_links":{"self":[{"href":"https:\/\/redebeneditina.org.br\/pioxi\/wp-json\/wp\/v2\/posts\/33314","targetHints":{"allow":["GET"]}}],"collection":[{"href":"https:\/\/redebeneditina.org.br\/pioxi\/wp-json\/wp\/v2\/posts"}],"about":[{"href":"https:\/\/redebeneditina.org.br\/pioxi\/wp-json\/wp\/v2\/types\/post"}],"author":[{"embeddable":true,"href":"https:\/\/redebeneditina.org.br\/pioxi\/wp-json\/wp\/v2\/users\/4"}],"replies":[{"embeddable":true,"href":"https:\/\/redebeneditina.org.br\/pioxi\/wp-json\/wp\/v2\/comments?post=33314"}],"version-history":[{"count":1,"href":"https:\/\/redebeneditina.org.br\/pioxi\/wp-json\/wp\/v2\/posts\/33314\/revisions"}],"predecessor-version":[{"id":33316,"href":"https:\/\/redebeneditina.org.br\/pioxi\/wp-json\/wp\/v2\/posts\/33314\/revisions\/33316"}],"wp:featuredmedia":[{"embeddable":true,"href":"https:\/\/redebeneditina.org.br\/pioxi\/wp-json\/wp\/v2\/media\/33315"}],"wp:attachment":[{"href":"https:\/\/redebeneditina.org.br\/pioxi\/wp-json\/wp\/v2\/media?parent=33314"}],"wp:term":[{"taxonomy":"category","embeddable":true,"href":"https:\/\/redebeneditina.org.br\/pioxi\/wp-json\/wp\/v2\/categories?post=33314"},{"taxonomy":"post_tag","embeddable":true,"href":"https:\/\/redebeneditina.org.br\/pioxi\/wp-json\/wp\/v2\/tags?post=33314"}],"curies":[{"name":"wp","href":"https:\/\/api.w.org\/{rel}","templated":true}]}}