{"id":33320,"date":"2025-12-09T10:57:03","date_gmt":"2025-12-09T13:57:03","guid":{"rendered":"https:\/\/redebeneditina.org.br\/pioxi\/?p=33320"},"modified":"2025-12-09T10:57:03","modified_gmt":"2025-12-09T13:57:03","slug":"missa-em-acao-de-gracas-encerramento-das-turmas-do-9o-ano","status":"publish","type":"post","link":"https:\/\/redebeneditina.org.br\/pioxi\/missa-em-acao-de-gracas-encerramento-das-turmas-do-9o-ano\/","title":{"rendered":"Missa em A\u00e7\u00e3o de Gra\u00e7as \u2013 Encerramento das Turmas do 9\u00ba Ano"},"content":{"rendered":"<p data-start=\"356\" data-end=\"595\">O Instituto Pio XI convida as fam\u00edlias e os estudantes das turmas do <strong data-start=\"425\" data-end=\"457\">9\u00ba ano do Ensino Fundamental<\/strong> para a <strong data-start=\"465\" data-end=\"524\">Missa em A\u00e7\u00e3o de Gra\u00e7as pelo encerramento do ano letivo<\/strong>, um momento de ora\u00e7\u00e3o, gratid\u00e3o e celebra\u00e7\u00e3o pelas conquistas de 2025.<\/p>\n<p data-start=\"597\" data-end=\"704\">A celebra\u00e7\u00e3o acontecer\u00e1 no dia <strong data-start=\"628\" data-end=\"661\">11 de dezembro (quinta-feira)<\/strong>, na <strong data-start=\"666\" data-end=\"703\">Par\u00f3quia Nossa Senhora das Merc\u00eas<\/strong>.<\/p>\n<ul data-start=\"706\" data-end=\"776\">\n<li data-start=\"706\" data-end=\"743\">\n<p data-start=\"708\" data-end=\"743\"><strong data-start=\"708\" data-end=\"741\">18h30min \u2013 Chegada dos alunos<\/strong><\/p>\n<\/li>\n<li data-start=\"744\" data-end=\"776\">\n<p data-start=\"746\" data-end=\"776\"><strong data-start=\"746\" data-end=\"776\">19h \u2013 In\u00edcio da Celebra\u00e7\u00e3o<\/strong><\/p>\n<\/li>\n<\/ul>\n<p data-start=\"778\" data-end=\"945\">Ser\u00e1 uma oportunidade especial para agradecer a Deus por todo o aprendizado vivido e pedir b\u00ean\u00e7\u00e3os para a nova etapa que se inicia.<\/p>\n<p data-start=\"778\" data-end=\"945\">Contamos com a presen\u00e7a de todos!<\/p>\n","protected":false},"excerpt":{"rendered":"<p>O Instituto Pio XI convida as fam\u00edlias e os estudantes das turmas do 9\u00ba ano do Ensino Fundamental para a Missa em A\u00e7\u00e3o de Gra\u00e7as pelo encerramento do ano letivo, um momento de ora\u00e7\u00e3o, gratid\u00e3o e celebra\u00e7\u00e3o pelas conquistas de 2025. A celebra\u00e7\u00e3o acontecer\u00e1 no dia 11 de dezembro (quinta-feira), na Par\u00f3quia Nossa Senhora das&#8230;<\/p>\n","protected":false},"author":4,"featured_media":33321,"comment_status":"closed","ping_status":"closed","sticky":false,"template":"","format":"standard","meta":{"_monsterinsights_skip_tracking":false,"_monsterinsights_sitenote_active":false,"_monsterinsights_sitenote_note":"","_monsterinsights_sitenote_category":0,"ngg_post_thumbnail":0,"footnotes":""},"categories":[107,90,82,95],"tags":[],"class_list":["post-33320","post","type-post","status-publish","format-standard","has-post-thumbnail","hentry","category-noticia-ano-2025-pioxi","category-ens-fund_ii","category-noticias","category-pastoral-escolar"],"_links":{"self":[{"href":"https:\/\/redebeneditina.org.br\/pioxi\/wp-json\/wp\/v2\/posts\/33320","targetHints":{"allow":["GET"]}}],"collection":[{"href":"https:\/\/redebeneditina.org.br\/pioxi\/wp-json\/wp\/v2\/posts"}],"about":[{"href":"https:\/\/redebeneditina.org.br\/pioxi\/wp-json\/wp\/v2\/types\/post"}],"author":[{"embeddable":true,"href":"https:\/\/redebeneditina.org.br\/pioxi\/wp-json\/wp\/v2\/users\/4"}],"replies":[{"embeddable":true,"href":"https:\/\/redebeneditina.org.br\/pioxi\/wp-json\/wp\/v2\/comments?post=33320"}],"version-history":[{"count":1,"href":"https:\/\/redebeneditina.org.br\/pioxi\/wp-json\/wp\/v2\/posts\/33320\/revisions"}],"predecessor-version":[{"id":33322,"href":"https:\/\/redebeneditina.org.br\/pioxi\/wp-json\/wp\/v2\/posts\/33320\/revisions\/33322"}],"wp:featuredmedia":[{"embeddable":true,"href":"https:\/\/redebeneditina.org.br\/pioxi\/wp-json\/wp\/v2\/media\/33321"}],"wp:attachment":[{"href":"https:\/\/redebeneditina.org.br\/pioxi\/wp-json\/wp\/v2\/media?parent=33320"}],"wp:term":[{"taxonomy":"category","embeddable":true,"href":"https:\/\/redebeneditina.org.br\/pioxi\/wp-json\/wp\/v2\/categories?post=33320"},{"taxonomy":"post_tag","embeddable":true,"href":"https:\/\/redebeneditina.org.br\/pioxi\/wp-json\/wp\/v2\/tags?post=33320"}],"curies":[{"name":"wp","href":"https:\/\/api.w.org\/{rel}","templated":true}]}}