{"id":33323,"date":"2025-12-09T10:58:21","date_gmt":"2025-12-09T13:58:21","guid":{"rendered":"https:\/\/redebeneditina.org.br\/pioxi\/?p=33323"},"modified":"2025-12-09T10:58:21","modified_gmt":"2025-12-09T13:58:21","slug":"missa-em-acao-de-gracas-encerramento-da-3a-serie-do-ensino-medio","status":"publish","type":"post","link":"https:\/\/redebeneditina.org.br\/pioxi\/missa-em-acao-de-gracas-encerramento-da-3a-serie-do-ensino-medio\/","title":{"rendered":"Missa em A\u00e7\u00e3o de Gra\u00e7as \u2013 Encerramento da 3\u00aa S\u00e9rie do Ensino M\u00e9dio"},"content":{"rendered":"<p data-start=\"1156\" data-end=\"1385\">Com muita alegria, o Instituto Pio XI convida os alunos e suas fam\u00edlias para a <strong data-start=\"1235\" data-end=\"1262\">Missa em A\u00e7\u00e3o de Gra\u00e7as<\/strong> das turmas da <strong data-start=\"1277\" data-end=\"1305\">3\u00aa s\u00e9rie do Ensino M\u00e9dio<\/strong>, celebrando o encerramento de um ciclo importante e o in\u00edcio de novos caminhos.<\/p>\n<p data-start=\"1387\" data-end=\"1492\">A Missa ser\u00e1 realizada no dia <strong data-start=\"1417\" data-end=\"1449\">12 de dezembro (sexta-feira)<\/strong>, na <strong data-start=\"1454\" data-end=\"1491\">Par\u00f3quia Nossa Senhora das Merc\u00eas<\/strong>.<\/p>\n<ul data-start=\"1494\" data-end=\"1564\">\n<li data-start=\"1494\" data-end=\"1531\">\n<p data-start=\"1496\" data-end=\"1531\"><strong data-start=\"1496\" data-end=\"1529\">17h30min \u2013 Chegada dos alunos<\/strong><\/p>\n<\/li>\n<li data-start=\"1532\" data-end=\"1564\">\n<p data-start=\"1534\" data-end=\"1564\"><strong data-start=\"1534\" data-end=\"1564\">18h \u2013 In\u00edcio da Celebra\u00e7\u00e3o<\/strong><\/p>\n<\/li>\n<\/ul>\n<p data-start=\"1566\" data-end=\"1789\">Este \u00e9 um momento especial de gratid\u00e3o a Deus por todas as experi\u00eancias vividas, pelas aprendizagens e pela dedica\u00e7\u00e3o ao longo da trajet\u00f3ria escolar.<\/p>\n<p data-start=\"1566\" data-end=\"1789\">A presen\u00e7a das fam\u00edlias torna esta celebra\u00e7\u00e3o ainda mais significativa.<\/p>\n","protected":false},"excerpt":{"rendered":"<p>Com muita alegria, o Instituto Pio XI convida os alunos e suas fam\u00edlias para a Missa em A\u00e7\u00e3o de Gra\u00e7as das turmas da 3\u00aa s\u00e9rie do Ensino M\u00e9dio, celebrando o encerramento de um ciclo importante e o in\u00edcio de novos caminhos. A Missa ser\u00e1 realizada no dia 12 de dezembro (sexta-feira), na Par\u00f3quia Nossa Senhora&#8230;<\/p>\n","protected":false},"author":4,"featured_media":33324,"comment_status":"closed","ping_status":"closed","sticky":false,"template":"","format":"standard","meta":{"_monsterinsights_skip_tracking":false,"_monsterinsights_sitenote_active":false,"_monsterinsights_sitenote_note":"","_monsterinsights_sitenote_category":0,"ngg_post_thumbnail":0,"footnotes":""},"categories":[107,91,82,95],"tags":[],"class_list":["post-33323","post","type-post","status-publish","format-standard","has-post-thumbnail","hentry","category-noticia-ano-2025-pioxi","category-ens-medio","category-noticias","category-pastoral-escolar"],"_links":{"self":[{"href":"https:\/\/redebeneditina.org.br\/pioxi\/wp-json\/wp\/v2\/posts\/33323","targetHints":{"allow":["GET"]}}],"collection":[{"href":"https:\/\/redebeneditina.org.br\/pioxi\/wp-json\/wp\/v2\/posts"}],"about":[{"href":"https:\/\/redebeneditina.org.br\/pioxi\/wp-json\/wp\/v2\/types\/post"}],"author":[{"embeddable":true,"href":"https:\/\/redebeneditina.org.br\/pioxi\/wp-json\/wp\/v2\/users\/4"}],"replies":[{"embeddable":true,"href":"https:\/\/redebeneditina.org.br\/pioxi\/wp-json\/wp\/v2\/comments?post=33323"}],"version-history":[{"count":1,"href":"https:\/\/redebeneditina.org.br\/pioxi\/wp-json\/wp\/v2\/posts\/33323\/revisions"}],"predecessor-version":[{"id":33325,"href":"https:\/\/redebeneditina.org.br\/pioxi\/wp-json\/wp\/v2\/posts\/33323\/revisions\/33325"}],"wp:featuredmedia":[{"embeddable":true,"href":"https:\/\/redebeneditina.org.br\/pioxi\/wp-json\/wp\/v2\/media\/33324"}],"wp:attachment":[{"href":"https:\/\/redebeneditina.org.br\/pioxi\/wp-json\/wp\/v2\/media?parent=33323"}],"wp:term":[{"taxonomy":"category","embeddable":true,"href":"https:\/\/redebeneditina.org.br\/pioxi\/wp-json\/wp\/v2\/categories?post=33323"},{"taxonomy":"post_tag","embeddable":true,"href":"https:\/\/redebeneditina.org.br\/pioxi\/wp-json\/wp\/v2\/tags?post=33323"}],"curies":[{"name":"wp","href":"https:\/\/api.w.org\/{rel}","templated":true}]}}