{"id":33336,"date":"2025-12-09T16:33:38","date_gmt":"2025-12-09T19:33:38","guid":{"rendered":"https:\/\/redebeneditina.org.br\/pioxi\/?p=33336"},"modified":"2025-12-09T16:37:56","modified_gmt":"2025-12-09T19:37:56","slug":"rematriculas-2026-garanta-sua-vaga-e-aproveite-o-desconto-especial","status":"publish","type":"post","link":"https:\/\/redebeneditina.org.br\/pioxi\/rematriculas-2026-garanta-sua-vaga-e-aproveite-o-desconto-especial\/","title":{"rendered":"(Re)Matr\u00edculas 2026 \u2013 Garanta sua vaga e aproveite o desconto especial!"},"content":{"rendered":"<p data-start=\"222\" data-end=\"432\">As fam\u00edlias que realizarem a rematr\u00edcula <strong data-start=\"335\" data-end=\"371\">at\u00e9 o dia 19 de dezembro de 2025<\/strong> garantem <strong data-start=\"381\" data-end=\"431\">7% de desconto na primeira parcela da anuidade<\/strong>.<\/p>\n<p data-start=\"434\" data-end=\"541\">N\u00e3o perca a oportunidade de assegurar a vaga do estudante e iniciar o pr\u00f3ximo ano letivo com tranquilidade.<\/p>\n<p data-start=\"543\" data-end=\"641\">Para facilitar o processo, nossa equipe est\u00e1 pronta para atender por telefone, WhatsApp ou e-mail:<\/p>\n<ul data-start=\"643\" data-end=\"754\">\n<li data-start=\"643\" data-end=\"670\">\n<p data-start=\"645\" data-end=\"670\"><strong data-start=\"645\" data-end=\"658\">Telefone:<\/strong> 3194-1400<\/p>\n<\/li>\n<li data-start=\"671\" data-end=\"699\">\n<p data-start=\"673\" data-end=\"699\"><strong data-start=\"673\" data-end=\"686\">WhatsApp:<\/strong> 99683-3909<\/p>\n<\/li>\n<li data-start=\"700\" data-end=\"754\">\n<p data-start=\"702\" data-end=\"754\"><strong data-start=\"702\" data-end=\"713\">E-mail:<\/strong> <a class=\"decorated-link cursor-pointer\" href=\"mailto:secretaria.pioxi@redebeneditina.com.br\" rel=\"noopener\" data-start=\"714\" data-end=\"752\">secretaria.pioxi@redebeneditina.com.br<\/a><\/p>\n<\/li>\n<\/ul>\n<p data-start=\"756\" data-end=\"883\">Garanta a vaga do seu filho e continue fazendo parte da nossa comunidade educativa, que acolhe, assiste e educa com excel\u00eancia!<\/p>\n<p data-start=\"756\" data-end=\"883\">Clique no link e fa\u00e7a a sua Rematr\u00edcula 2026: <a href=\"https:\/\/redebeneditina.org.br\/pioxi\/rematriculas-2026\/\">https:\/\/redebeneditina.org.br\/pioxi\/rematriculas-2026\/<\/a><\/p>\n","protected":false},"excerpt":{"rendered":"<p>As fam\u00edlias que realizarem a rematr\u00edcula at\u00e9 o dia 19 de dezembro de 2025 garantem 7% de desconto na primeira parcela da anuidade. N\u00e3o perca a oportunidade de assegurar a vaga do estudante e iniciar o pr\u00f3ximo ano letivo com tranquilidade. Para facilitar o processo, nossa equipe est\u00e1 pronta para atender por telefone, WhatsApp ou&#8230;<\/p>\n","protected":false},"author":4,"featured_media":33337,"comment_status":"closed","ping_status":"closed","sticky":false,"template":"","format":"standard","meta":{"_monsterinsights_skip_tracking":false,"_monsterinsights_sitenote_active":false,"_monsterinsights_sitenote_note":"","_monsterinsights_sitenote_category":0,"ngg_post_thumbnail":0,"footnotes":""},"categories":[107,88,89,90,91,82],"tags":[],"class_list":["post-33336","post","type-post","status-publish","format-standard","has-post-thumbnail","hentry","category-noticia-ano-2025-pioxi","category-ed-infantil","category-ens-fund_i","category-ens-fund_ii","category-ens-medio","category-noticias"],"_links":{"self":[{"href":"https:\/\/redebeneditina.org.br\/pioxi\/wp-json\/wp\/v2\/posts\/33336","targetHints":{"allow":["GET"]}}],"collection":[{"href":"https:\/\/redebeneditina.org.br\/pioxi\/wp-json\/wp\/v2\/posts"}],"about":[{"href":"https:\/\/redebeneditina.org.br\/pioxi\/wp-json\/wp\/v2\/types\/post"}],"author":[{"embeddable":true,"href":"https:\/\/redebeneditina.org.br\/pioxi\/wp-json\/wp\/v2\/users\/4"}],"replies":[{"embeddable":true,"href":"https:\/\/redebeneditina.org.br\/pioxi\/wp-json\/wp\/v2\/comments?post=33336"}],"version-history":[{"count":3,"href":"https:\/\/redebeneditina.org.br\/pioxi\/wp-json\/wp\/v2\/posts\/33336\/revisions"}],"predecessor-version":[{"id":33346,"href":"https:\/\/redebeneditina.org.br\/pioxi\/wp-json\/wp\/v2\/posts\/33336\/revisions\/33346"}],"wp:featuredmedia":[{"embeddable":true,"href":"https:\/\/redebeneditina.org.br\/pioxi\/wp-json\/wp\/v2\/media\/33337"}],"wp:attachment":[{"href":"https:\/\/redebeneditina.org.br\/pioxi\/wp-json\/wp\/v2\/media?parent=33336"}],"wp:term":[{"taxonomy":"category","embeddable":true,"href":"https:\/\/redebeneditina.org.br\/pioxi\/wp-json\/wp\/v2\/categories?post=33336"},{"taxonomy":"post_tag","embeddable":true,"href":"https:\/\/redebeneditina.org.br\/pioxi\/wp-json\/wp\/v2\/tags?post=33336"}],"curies":[{"name":"wp","href":"https:\/\/api.w.org\/{rel}","templated":true}]}}