{"id":33340,"date":"2025-12-09T16:35:36","date_gmt":"2025-12-09T19:35:36","guid":{"rendered":"https:\/\/redebeneditina.org.br\/pioxi\/?p=33340"},"modified":"2025-12-09T16:37:33","modified_gmt":"2025-12-09T19:37:33","slug":"lista-de-materiais-2026-disponivel-a-partir-de-15-12","status":"publish","type":"post","link":"https:\/\/redebeneditina.org.br\/pioxi\/lista-de-materiais-2026-disponivel-a-partir-de-15-12\/","title":{"rendered":"Lista de Materiais 2026 \u2013 Dispon\u00edvel a partir de 15\/12"},"content":{"rendered":"<p data-start=\"1140\" data-end=\"1275\">A lista de materiais escolares para o ano letivo de <strong data-start=\"1192\" data-end=\"1200\">2026<\/strong> ser\u00e1 disponibilizada a partir do dia <strong data-start=\"1238\" data-end=\"1256\">15 de dezembro<\/strong> na <strong data-start=\"1260\" data-end=\"1274\">Agenda Edu<\/strong>.<\/p>\n<p data-start=\"1277\" data-end=\"1437\">O Instituto Pio XI mant\u00e9m o compromisso de organizar e orientar as fam\u00edlias com anteced\u00eancia, garantindo tranquilidade na prepara\u00e7\u00e3o para o pr\u00f3ximo ano escolar.<\/p>\n<p data-start=\"1439\" data-end=\"1534\">Fique atento \u00e0 plataforma e confira todos os itens necess\u00e1rios para o in\u00edcio das aulas em 2026.<\/p>\n<p>&nbsp;<\/p>\n","protected":false},"excerpt":{"rendered":"<p>A lista de materiais escolares para o ano letivo de 2026 ser\u00e1 disponibilizada a partir do dia 15 de dezembro na Agenda Edu. O Instituto Pio XI mant\u00e9m o compromisso de organizar e orientar as fam\u00edlias com anteced\u00eancia, garantindo tranquilidade na prepara\u00e7\u00e3o para o pr\u00f3ximo ano escolar. Fique atento \u00e0 plataforma e confira todos os&#8230;<\/p>\n","protected":false},"author":4,"featured_media":33341,"comment_status":"closed","ping_status":"closed","sticky":false,"template":"","format":"standard","meta":{"_monsterinsights_skip_tracking":false,"_monsterinsights_sitenote_active":false,"_monsterinsights_sitenote_note":"","_monsterinsights_sitenote_category":0,"ngg_post_thumbnail":0,"footnotes":""},"categories":[107,88,89,90,91,82],"tags":[],"class_list":["post-33340","post","type-post","status-publish","format-standard","has-post-thumbnail","hentry","category-noticia-ano-2025-pioxi","category-ed-infantil","category-ens-fund_i","category-ens-fund_ii","category-ens-medio","category-noticias"],"_links":{"self":[{"href":"https:\/\/redebeneditina.org.br\/pioxi\/wp-json\/wp\/v2\/posts\/33340","targetHints":{"allow":["GET"]}}],"collection":[{"href":"https:\/\/redebeneditina.org.br\/pioxi\/wp-json\/wp\/v2\/posts"}],"about":[{"href":"https:\/\/redebeneditina.org.br\/pioxi\/wp-json\/wp\/v2\/types\/post"}],"author":[{"embeddable":true,"href":"https:\/\/redebeneditina.org.br\/pioxi\/wp-json\/wp\/v2\/users\/4"}],"replies":[{"embeddable":true,"href":"https:\/\/redebeneditina.org.br\/pioxi\/wp-json\/wp\/v2\/comments?post=33340"}],"version-history":[{"count":4,"href":"https:\/\/redebeneditina.org.br\/pioxi\/wp-json\/wp\/v2\/posts\/33340\/revisions"}],"predecessor-version":[{"id":33345,"href":"https:\/\/redebeneditina.org.br\/pioxi\/wp-json\/wp\/v2\/posts\/33340\/revisions\/33345"}],"wp:featuredmedia":[{"embeddable":true,"href":"https:\/\/redebeneditina.org.br\/pioxi\/wp-json\/wp\/v2\/media\/33341"}],"wp:attachment":[{"href":"https:\/\/redebeneditina.org.br\/pioxi\/wp-json\/wp\/v2\/media?parent=33340"}],"wp:term":[{"taxonomy":"category","embeddable":true,"href":"https:\/\/redebeneditina.org.br\/pioxi\/wp-json\/wp\/v2\/categories?post=33340"},{"taxonomy":"post_tag","embeddable":true,"href":"https:\/\/redebeneditina.org.br\/pioxi\/wp-json\/wp\/v2\/tags?post=33340"}],"curies":[{"name":"wp","href":"https:\/\/api.w.org\/{rel}","templated":true}]}}