{"id":33356,"date":"2025-12-10T14:31:11","date_gmt":"2025-12-10T17:31:11","guid":{"rendered":"https:\/\/redebeneditina.org.br\/pioxi\/?p=33356"},"modified":"2025-12-10T14:31:11","modified_gmt":"2025-12-10T17:31:11","slug":"confraternizacao-dos-alunos-do-nono-ano","status":"publish","type":"post","link":"https:\/\/redebeneditina.org.br\/pioxi\/confraternizacao-dos-alunos-do-nono-ano\/","title":{"rendered":"Confraterniza\u00e7\u00e3o dos alunos do Nono Ano"},"content":{"rendered":"<p>Nossa Confraterniza\u00e7\u00e3o dos alunos do Nono Ano foi repleta de alegria, uni\u00e3o e celebra\u00e7\u00e3o.<\/p>\n<p>Veja as fotos desse dia especial, cheio de sorrisos e boas lembran\u00e7as!<\/p>\nngg_shortcode_0_placeholder\n","protected":false},"excerpt":{"rendered":"<p>Nossa Confraterniza\u00e7\u00e3o dos alunos do Nono Ano foi repleta de alegria, uni\u00e3o e celebra\u00e7\u00e3o. Veja as fotos desse dia especial, cheio de sorrisos e boas lembran\u00e7as! &nbsp;<\/p>\n","protected":false},"author":4,"featured_media":33383,"comment_status":"closed","ping_status":"closed","sticky":false,"template":"","format":"standard","meta":{"_monsterinsights_skip_tracking":false,"_monsterinsights_sitenote_active":false,"_monsterinsights_sitenote_note":"","_monsterinsights_sitenote_category":0,"ngg_post_thumbnail":0,"footnotes":""},"categories":[107,90,82],"tags":[],"class_list":["post-33356","post","type-post","status-publish","format-standard","has-post-thumbnail","hentry","category-noticia-ano-2025-pioxi","category-ens-fund_ii","category-noticias"],"_links":{"self":[{"href":"https:\/\/redebeneditina.org.br\/pioxi\/wp-json\/wp\/v2\/posts\/33356","targetHints":{"allow":["GET"]}}],"collection":[{"href":"https:\/\/redebeneditina.org.br\/pioxi\/wp-json\/wp\/v2\/posts"}],"about":[{"href":"https:\/\/redebeneditina.org.br\/pioxi\/wp-json\/wp\/v2\/types\/post"}],"author":[{"embeddable":true,"href":"https:\/\/redebeneditina.org.br\/pioxi\/wp-json\/wp\/v2\/users\/4"}],"replies":[{"embeddable":true,"href":"https:\/\/redebeneditina.org.br\/pioxi\/wp-json\/wp\/v2\/comments?post=33356"}],"version-history":[{"count":2,"href":"https:\/\/redebeneditina.org.br\/pioxi\/wp-json\/wp\/v2\/posts\/33356\/revisions"}],"predecessor-version":[{"id":33384,"href":"https:\/\/redebeneditina.org.br\/pioxi\/wp-json\/wp\/v2\/posts\/33356\/revisions\/33384"}],"wp:featuredmedia":[{"embeddable":true,"href":"https:\/\/redebeneditina.org.br\/pioxi\/wp-json\/wp\/v2\/media\/33383"}],"wp:attachment":[{"href":"https:\/\/redebeneditina.org.br\/pioxi\/wp-json\/wp\/v2\/media?parent=33356"}],"wp:term":[{"taxonomy":"category","embeddable":true,"href":"https:\/\/redebeneditina.org.br\/pioxi\/wp-json\/wp\/v2\/categories?post=33356"},{"taxonomy":"post_tag","embeddable":true,"href":"https:\/\/redebeneditina.org.br\/pioxi\/wp-json\/wp\/v2\/tags?post=33356"}],"curies":[{"name":"wp","href":"https:\/\/api.w.org\/{rel}","templated":true}]}}