{"id":33385,"date":"2025-12-10T14:40:24","date_gmt":"2025-12-10T17:40:24","guid":{"rendered":"https:\/\/redebeneditina.org.br\/pioxi\/?p=33385"},"modified":"2025-12-10T14:40:24","modified_gmt":"2025-12-10T17:40:24","slug":"expoliteraria-empreendedorismo-e-projeto-de-vida","status":"publish","type":"post","link":"https:\/\/redebeneditina.org.br\/pioxi\/expoliteraria-empreendedorismo-e-projeto-de-vida\/","title":{"rendered":"Expoliter\u00e1ria, Empreendedorismo e Projeto de Vida"},"content":{"rendered":"<p>Agradecemos \u00e0s fam\u00edlias pela presen\u00e7a e parceria na nossa&nbsp;<em>Expoliter\u00e1ria, Empreendedorismo e Projeto de Vida<\/em>, realizada pelos alunos da Educa\u00e7\u00e3o Infantil ao 5\u00ba ano.<br \/>\nFoi um momento de muita aprendizagem, criatividade e protagonismo das crian\u00e7as.&nbsp;<\/p>\nngg_shortcode_0_placeholder\n","protected":false},"excerpt":{"rendered":"<p>Agradecemos \u00e0s fam\u00edlias pela presen\u00e7a e parceria na nossa&nbsp;Expoliter\u00e1ria, Empreendedorismo e Projeto de Vida, realizada pelos alunos da Educa\u00e7\u00e3o Infantil ao 5\u00ba ano. Foi um momento de muita aprendizagem, criatividade e protagonismo das crian\u00e7as.&nbsp;<\/p>\n","protected":false},"author":4,"featured_media":33542,"comment_status":"closed","ping_status":"closed","sticky":false,"template":"","format":"standard","meta":{"_monsterinsights_skip_tracking":false,"_monsterinsights_sitenote_active":false,"_monsterinsights_sitenote_note":"","_monsterinsights_sitenote_category":0,"ngg_post_thumbnail":0,"footnotes":""},"categories":[107,88,89,82],"tags":[],"class_list":["post-33385","post","type-post","status-publish","format-standard","has-post-thumbnail","hentry","category-noticia-ano-2025-pioxi","category-ed-infantil","category-ens-fund_i","category-noticias"],"_links":{"self":[{"href":"https:\/\/redebeneditina.org.br\/pioxi\/wp-json\/wp\/v2\/posts\/33385","targetHints":{"allow":["GET"]}}],"collection":[{"href":"https:\/\/redebeneditina.org.br\/pioxi\/wp-json\/wp\/v2\/posts"}],"about":[{"href":"https:\/\/redebeneditina.org.br\/pioxi\/wp-json\/wp\/v2\/types\/post"}],"author":[{"embeddable":true,"href":"https:\/\/redebeneditina.org.br\/pioxi\/wp-json\/wp\/v2\/users\/4"}],"replies":[{"embeddable":true,"href":"https:\/\/redebeneditina.org.br\/pioxi\/wp-json\/wp\/v2\/comments?post=33385"}],"version-history":[{"count":1,"href":"https:\/\/redebeneditina.org.br\/pioxi\/wp-json\/wp\/v2\/posts\/33385\/revisions"}],"predecessor-version":[{"id":33543,"href":"https:\/\/redebeneditina.org.br\/pioxi\/wp-json\/wp\/v2\/posts\/33385\/revisions\/33543"}],"wp:featuredmedia":[{"embeddable":true,"href":"https:\/\/redebeneditina.org.br\/pioxi\/wp-json\/wp\/v2\/media\/33542"}],"wp:attachment":[{"href":"https:\/\/redebeneditina.org.br\/pioxi\/wp-json\/wp\/v2\/media?parent=33385"}],"wp:term":[{"taxonomy":"category","embeddable":true,"href":"https:\/\/redebeneditina.org.br\/pioxi\/wp-json\/wp\/v2\/categories?post=33385"},{"taxonomy":"post_tag","embeddable":true,"href":"https:\/\/redebeneditina.org.br\/pioxi\/wp-json\/wp\/v2\/tags?post=33385"}],"curies":[{"name":"wp","href":"https:\/\/api.w.org\/{rel}","templated":true}]}}