{"id":33544,"date":"2025-12-15T12:28:58","date_gmt":"2025-12-15T15:28:58","guid":{"rendered":"https:\/\/redebeneditina.org.br\/pioxi\/?p=33544"},"modified":"2025-12-15T12:30:13","modified_gmt":"2025-12-15T15:30:13","slug":"auto-de-natal-2026","status":"publish","type":"post","link":"https:\/\/redebeneditina.org.br\/pioxi\/auto-de-natal-2026\/","title":{"rendered":"Auto de Natal 2026"},"content":{"rendered":"<p>Agradecemos \u00e0s fam\u00edlias que estiveram presentes para prestigiar o Auto de Natal apresentado pelas crian\u00e7as da Educa\u00e7\u00e3o Infantil ao 5\u00ba ano.&nbsp;<\/p>\n<p>Foi uma apresenta\u00e7\u00e3o cheia de encanto, beleza e emo\u00e7\u00e3o, onde cada gesto, cada can\u00e7\u00e3o e cada sorriso celebraram o verdadeiro esp\u00edrito natalino.&nbsp;<\/p>\n<p>Parab\u00e9ns aos nossos alunos, professores e toda a equipe envolvida por tanta dedica\u00e7\u00e3o e amor nesse momento t\u00e3o especial.<\/p>\nngg_shortcode_0_placeholder\n","protected":false},"excerpt":{"rendered":"<p>Agradecemos \u00e0s fam\u00edlias que estiveram presentes para prestigiar o Auto de Natal apresentado pelas crian\u00e7as da Educa\u00e7\u00e3o Infantil ao 5\u00ba ano.&nbsp; Foi uma apresenta\u00e7\u00e3o cheia de encanto, beleza e emo\u00e7\u00e3o, onde cada gesto, cada can\u00e7\u00e3o e cada sorriso celebraram o verdadeiro esp\u00edrito natalino.&nbsp; Parab\u00e9ns aos nossos alunos, professores e toda a equipe envolvida por tanta&#8230;<\/p>\n","protected":false},"author":4,"featured_media":33828,"comment_status":"closed","ping_status":"closed","sticky":false,"template":"","format":"standard","meta":{"_monsterinsights_skip_tracking":false,"_monsterinsights_sitenote_active":false,"_monsterinsights_sitenote_note":"","_monsterinsights_sitenote_category":0,"ngg_post_thumbnail":0,"footnotes":""},"categories":[88,89,82,95],"tags":[],"class_list":["post-33544","post","type-post","status-publish","format-standard","has-post-thumbnail","hentry","category-ed-infantil","category-ens-fund_i","category-noticias","category-pastoral-escolar"],"_links":{"self":[{"href":"https:\/\/redebeneditina.org.br\/pioxi\/wp-json\/wp\/v2\/posts\/33544","targetHints":{"allow":["GET"]}}],"collection":[{"href":"https:\/\/redebeneditina.org.br\/pioxi\/wp-json\/wp\/v2\/posts"}],"about":[{"href":"https:\/\/redebeneditina.org.br\/pioxi\/wp-json\/wp\/v2\/types\/post"}],"author":[{"embeddable":true,"href":"https:\/\/redebeneditina.org.br\/pioxi\/wp-json\/wp\/v2\/users\/4"}],"replies":[{"embeddable":true,"href":"https:\/\/redebeneditina.org.br\/pioxi\/wp-json\/wp\/v2\/comments?post=33544"}],"version-history":[{"count":1,"href":"https:\/\/redebeneditina.org.br\/pioxi\/wp-json\/wp\/v2\/posts\/33544\/revisions"}],"predecessor-version":[{"id":33827,"href":"https:\/\/redebeneditina.org.br\/pioxi\/wp-json\/wp\/v2\/posts\/33544\/revisions\/33827"}],"wp:featuredmedia":[{"embeddable":true,"href":"https:\/\/redebeneditina.org.br\/pioxi\/wp-json\/wp\/v2\/media\/33828"}],"wp:attachment":[{"href":"https:\/\/redebeneditina.org.br\/pioxi\/wp-json\/wp\/v2\/media?parent=33544"}],"wp:term":[{"taxonomy":"category","embeddable":true,"href":"https:\/\/redebeneditina.org.br\/pioxi\/wp-json\/wp\/v2\/categories?post=33544"},{"taxonomy":"post_tag","embeddable":true,"href":"https:\/\/redebeneditina.org.br\/pioxi\/wp-json\/wp\/v2\/tags?post=33544"}],"curies":[{"name":"wp","href":"https:\/\/api.w.org\/{rel}","templated":true}]}}