{"id":33840,"date":"2025-12-15T14:56:33","date_gmt":"2025-12-15T17:56:33","guid":{"rendered":"https:\/\/redebeneditina.org.br\/pioxi\/?p=33840"},"modified":"2025-12-15T14:56:33","modified_gmt":"2025-12-15T17:56:33","slug":"dia-da-consciencia-negra","status":"publish","type":"post","link":"https:\/\/redebeneditina.org.br\/pioxi\/dia-da-consciencia-negra\/","title":{"rendered":"Dia da Consci\u00eancia Negra"},"content":{"rendered":"<p>O m\u00eas de novembro tamb\u00e9m foi marcado com o dia da consci\u00eancia negra. Os alunos do 8\u00ba ano, com o apoio da equipe de linguagens, montaram uma exposi\u00e7\u00e3o para destacar e valorizar a hist\u00f3ria e as conquistas de personalidades negras.<\/p>\n<p>A atividade tamb\u00e9m promoveu um momento de reflex\u00e3o sobre a diversidade.<\/p>\nngg_shortcode_0_placeholder\n","protected":false},"excerpt":{"rendered":"<p>O m\u00eas de novembro tamb\u00e9m foi marcado com o dia da consci\u00eancia negra. Os alunos do 8\u00ba ano, com o apoio da equipe de linguagens, montaram uma exposi\u00e7\u00e3o para destacar e valorizar a hist\u00f3ria e as conquistas de personalidades negras. A atividade tamb\u00e9m promoveu um momento de reflex\u00e3o sobre a diversidade.<\/p>\n","protected":false},"author":4,"featured_media":33842,"comment_status":"closed","ping_status":"closed","sticky":false,"template":"","format":"standard","meta":{"_monsterinsights_skip_tracking":false,"_monsterinsights_sitenote_active":false,"_monsterinsights_sitenote_note":"","_monsterinsights_sitenote_category":0,"ngg_post_thumbnail":0,"footnotes":""},"categories":[107,90,82],"tags":[],"class_list":["post-33840","post","type-post","status-publish","format-standard","has-post-thumbnail","hentry","category-noticia-ano-2025-pioxi","category-ens-fund_ii","category-noticias"],"_links":{"self":[{"href":"https:\/\/redebeneditina.org.br\/pioxi\/wp-json\/wp\/v2\/posts\/33840","targetHints":{"allow":["GET"]}}],"collection":[{"href":"https:\/\/redebeneditina.org.br\/pioxi\/wp-json\/wp\/v2\/posts"}],"about":[{"href":"https:\/\/redebeneditina.org.br\/pioxi\/wp-json\/wp\/v2\/types\/post"}],"author":[{"embeddable":true,"href":"https:\/\/redebeneditina.org.br\/pioxi\/wp-json\/wp\/v2\/users\/4"}],"replies":[{"embeddable":true,"href":"https:\/\/redebeneditina.org.br\/pioxi\/wp-json\/wp\/v2\/comments?post=33840"}],"version-history":[{"count":1,"href":"https:\/\/redebeneditina.org.br\/pioxi\/wp-json\/wp\/v2\/posts\/33840\/revisions"}],"predecessor-version":[{"id":33848,"href":"https:\/\/redebeneditina.org.br\/pioxi\/wp-json\/wp\/v2\/posts\/33840\/revisions\/33848"}],"wp:featuredmedia":[{"embeddable":true,"href":"https:\/\/redebeneditina.org.br\/pioxi\/wp-json\/wp\/v2\/media\/33842"}],"wp:attachment":[{"href":"https:\/\/redebeneditina.org.br\/pioxi\/wp-json\/wp\/v2\/media?parent=33840"}],"wp:term":[{"taxonomy":"category","embeddable":true,"href":"https:\/\/redebeneditina.org.br\/pioxi\/wp-json\/wp\/v2\/categories?post=33840"},{"taxonomy":"post_tag","embeddable":true,"href":"https:\/\/redebeneditina.org.br\/pioxi\/wp-json\/wp\/v2\/tags?post=33840"}],"curies":[{"name":"wp","href":"https:\/\/api.w.org\/{rel}","templated":true}]}}