{"id":33852,"date":"2025-12-11T15:02:19","date_gmt":"2025-12-11T18:02:19","guid":{"rendered":"https:\/\/redebeneditina.org.br\/pioxi\/?p=33852"},"modified":"2025-12-15T15:06:47","modified_gmt":"2025-12-15T18:06:47","slug":"gazeta-pio-xi-1o-ano-do-ensino-medio","status":"publish","type":"post","link":"https:\/\/redebeneditina.org.br\/pioxi\/gazeta-pio-xi-1o-ano-do-ensino-medio\/","title":{"rendered":"Gazeta Pio XI &#8211; 1\u00ba ano do Ensino M\u00e9dio"},"content":{"rendered":"<p>No dia 04 de dezembro, &nbsp;aconteceu a culmin\u00e2ncia dos Itiner\u00e1rios Formativos de Aprofundamento do 1\u00ba ano do Ensino M\u00e9dio. A abertura do evento ficou por conta do Itiner\u00e1rio &nbsp;de Linguagens e suas tecnologias que, sob a orienta\u00e7\u00e3o da professora Waleska, realizou o lan\u00e7amento oficial do jornal \u201cGazeta Pio XI\u201d, produzido durante o Itiner\u00e1rio Strike a Pose. O peri\u00f3dico re\u00fane entrevistas, reportagens e produ\u00e7\u00f5es que refletem a criatividade e o olhar cr\u00edtico dos alunos sobre temas relacionados ao ambiente virtual.<\/p>\n<p>Em seguida, os estudantes do Itiner\u00e1rio de Ci\u00eancias da Natureza, orientados pelo professor Eduardo, apresentaram uma pe\u00e7a teatral sobre bullying. A encena\u00e7\u00e3o destacou a import\u00e2ncia da empatia, do respeito e da conscientiza\u00e7\u00e3o para a constru\u00e7\u00e3o de um ambiente escolar mais acolhedor.<\/p>\n<p>A culmin\u00e2ncia celebrou o protagonismo estudantil e a integra\u00e7\u00e3o entre diferentes \u00e1reas do conhecimento, encerrando o ano com apresenta\u00e7\u00f5es marcantes e ricas em aprendizagem.<\/p>\nngg_shortcode_0_placeholder\n","protected":false},"excerpt":{"rendered":"<p>No dia 04 de dezembro, &nbsp;aconteceu a culmin\u00e2ncia dos Itiner\u00e1rios Formativos de Aprofundamento do 1\u00ba ano do Ensino M\u00e9dio. A abertura do evento ficou por conta do Itiner\u00e1rio &nbsp;de Linguagens e suas tecnologias que, sob a orienta\u00e7\u00e3o da professora Waleska, realizou o lan\u00e7amento oficial do jornal \u201cGazeta Pio XI\u201d, produzido durante o Itiner\u00e1rio Strike a&#8230;<\/p>\n","protected":false},"author":4,"featured_media":33935,"comment_status":"closed","ping_status":"closed","sticky":false,"template":"","format":"standard","meta":{"_monsterinsights_skip_tracking":false,"_monsterinsights_sitenote_active":false,"_monsterinsights_sitenote_note":"","_monsterinsights_sitenote_category":0,"ngg_post_thumbnail":0,"footnotes":""},"categories":[107,91,82],"tags":[],"class_list":["post-33852","post","type-post","status-publish","format-standard","has-post-thumbnail","hentry","category-noticia-ano-2025-pioxi","category-ens-medio","category-noticias"],"_links":{"self":[{"href":"https:\/\/redebeneditina.org.br\/pioxi\/wp-json\/wp\/v2\/posts\/33852","targetHints":{"allow":["GET"]}}],"collection":[{"href":"https:\/\/redebeneditina.org.br\/pioxi\/wp-json\/wp\/v2\/posts"}],"about":[{"href":"https:\/\/redebeneditina.org.br\/pioxi\/wp-json\/wp\/v2\/types\/post"}],"author":[{"embeddable":true,"href":"https:\/\/redebeneditina.org.br\/pioxi\/wp-json\/wp\/v2\/users\/4"}],"replies":[{"embeddable":true,"href":"https:\/\/redebeneditina.org.br\/pioxi\/wp-json\/wp\/v2\/comments?post=33852"}],"version-history":[{"count":1,"href":"https:\/\/redebeneditina.org.br\/pioxi\/wp-json\/wp\/v2\/posts\/33852\/revisions"}],"predecessor-version":[{"id":33934,"href":"https:\/\/redebeneditina.org.br\/pioxi\/wp-json\/wp\/v2\/posts\/33852\/revisions\/33934"}],"wp:featuredmedia":[{"embeddable":true,"href":"https:\/\/redebeneditina.org.br\/pioxi\/wp-json\/wp\/v2\/media\/33935"}],"wp:attachment":[{"href":"https:\/\/redebeneditina.org.br\/pioxi\/wp-json\/wp\/v2\/media?parent=33852"}],"wp:term":[{"taxonomy":"category","embeddable":true,"href":"https:\/\/redebeneditina.org.br\/pioxi\/wp-json\/wp\/v2\/categories?post=33852"},{"taxonomy":"post_tag","embeddable":true,"href":"https:\/\/redebeneditina.org.br\/pioxi\/wp-json\/wp\/v2\/tags?post=33852"}],"curies":[{"name":"wp","href":"https:\/\/api.w.org\/{rel}","templated":true}]}}