{"id":34151,"date":"2026-01-10T12:12:49","date_gmt":"2026-01-10T15:12:49","guid":{"rendered":"https:\/\/redebeneditina.org.br\/pioxi\/?p=34151"},"modified":"2026-01-22T12:15:09","modified_gmt":"2026-01-22T15:15:09","slug":"1a-reuniao-com-responsaveis-2026","status":"publish","type":"post","link":"https:\/\/redebeneditina.org.br\/pioxi\/1a-reuniao-com-responsaveis-2026\/","title":{"rendered":"1\u00aa Reuni\u00e3o com Respons\u00e1veis \u2013 2026"},"content":{"rendered":"<p>A primeira reuni\u00e3o com os respons\u00e1veis para o ano letivo de 2026 j\u00e1 est\u00e1 definida. Todas as informa\u00e7\u00f5es, orienta\u00e7\u00f5es e comunicados importantes est\u00e3o dispon\u00edveis na <strong data-start=\"337\" data-end=\"351\" data-is-only-node=\"\">Agenda Edu<\/strong>.<\/p>\n<p>Acompanhe e fique por dentro de cada detalhe.<\/p>\n","protected":false},"excerpt":{"rendered":"<p>A primeira reuni\u00e3o com os respons\u00e1veis para o ano letivo de 2026 j\u00e1 est\u00e1 definida. Todas as informa\u00e7\u00f5es, orienta\u00e7\u00f5es e comunicados importantes est\u00e3o dispon\u00edveis na Agenda Edu. Acompanhe e fique por dentro de cada detalhe.<\/p>\n","protected":false},"author":4,"featured_media":34152,"comment_status":"closed","ping_status":"closed","sticky":false,"template":"","format":"standard","meta":{"_monsterinsights_skip_tracking":false,"_monsterinsights_sitenote_active":false,"_monsterinsights_sitenote_note":"","_monsterinsights_sitenote_category":0,"ngg_post_thumbnail":0,"footnotes":""},"categories":[110,88,89,90,91,82],"tags":[],"class_list":["post-34151","post","type-post","status-publish","format-standard","has-post-thumbnail","hentry","category-noticias-ano2026","category-ed-infantil","category-ens-fund_i","category-ens-fund_ii","category-ens-medio","category-noticias"],"_links":{"self":[{"href":"https:\/\/redebeneditina.org.br\/pioxi\/wp-json\/wp\/v2\/posts\/34151","targetHints":{"allow":["GET"]}}],"collection":[{"href":"https:\/\/redebeneditina.org.br\/pioxi\/wp-json\/wp\/v2\/posts"}],"about":[{"href":"https:\/\/redebeneditina.org.br\/pioxi\/wp-json\/wp\/v2\/types\/post"}],"author":[{"embeddable":true,"href":"https:\/\/redebeneditina.org.br\/pioxi\/wp-json\/wp\/v2\/users\/4"}],"replies":[{"embeddable":true,"href":"https:\/\/redebeneditina.org.br\/pioxi\/wp-json\/wp\/v2\/comments?post=34151"}],"version-history":[{"count":1,"href":"https:\/\/redebeneditina.org.br\/pioxi\/wp-json\/wp\/v2\/posts\/34151\/revisions"}],"predecessor-version":[{"id":34153,"href":"https:\/\/redebeneditina.org.br\/pioxi\/wp-json\/wp\/v2\/posts\/34151\/revisions\/34153"}],"wp:featuredmedia":[{"embeddable":true,"href":"https:\/\/redebeneditina.org.br\/pioxi\/wp-json\/wp\/v2\/media\/34152"}],"wp:attachment":[{"href":"https:\/\/redebeneditina.org.br\/pioxi\/wp-json\/wp\/v2\/media?parent=34151"}],"wp:term":[{"taxonomy":"category","embeddable":true,"href":"https:\/\/redebeneditina.org.br\/pioxi\/wp-json\/wp\/v2\/categories?post=34151"},{"taxonomy":"post_tag","embeddable":true,"href":"https:\/\/redebeneditina.org.br\/pioxi\/wp-json\/wp\/v2\/tags?post=34151"}],"curies":[{"name":"wp","href":"https:\/\/api.w.org\/{rel}","templated":true}]}}