{"id":34154,"date":"2026-01-22T12:16:30","date_gmt":"2026-01-22T15:16:30","guid":{"rendered":"https:\/\/redebeneditina.org.br\/pioxi\/?p=34154"},"modified":"2026-01-22T12:16:30","modified_gmt":"2026-01-22T15:16:30","slug":"volta-as-aulas-ano-letivo-2026","status":"publish","type":"post","link":"https:\/\/redebeneditina.org.br\/pioxi\/volta-as-aulas-ano-letivo-2026\/","title":{"rendered":"Volta \u00e0s Aulas \u2013 Ano Letivo 2026"},"content":{"rendered":"<p>O ano letivo de 2026 j\u00e1 tem data para come\u00e7ar! As aulas no Instituto Pio XI ter\u00e3o in\u00edcio em <strong data-start=\"248\" data-end=\"275\">05 de fevereiro de 2026<\/strong>. Estamos preparando tudo com carinho para receber nossos alunos em mais um ano de aprendizado, acolhimento e forma\u00e7\u00e3o integral.<\/p>\n","protected":false},"excerpt":{"rendered":"<p>O ano letivo de 2026 j\u00e1 tem data para come\u00e7ar! As aulas no Instituto Pio XI ter\u00e3o in\u00edcio em 05 de fevereiro de 2026. Estamos preparando tudo com carinho para receber nossos alunos em mais um ano de aprendizado, acolhimento e forma\u00e7\u00e3o integral.<\/p>\n","protected":false},"author":4,"featured_media":34155,"comment_status":"closed","ping_status":"closed","sticky":false,"template":"","format":"standard","meta":{"_monsterinsights_skip_tracking":false,"_monsterinsights_sitenote_active":false,"_monsterinsights_sitenote_note":"","_monsterinsights_sitenote_category":0,"ngg_post_thumbnail":0,"footnotes":""},"categories":[110,88,89,90,91,82],"tags":[],"class_list":["post-34154","post","type-post","status-publish","format-standard","has-post-thumbnail","hentry","category-noticias-ano2026","category-ed-infantil","category-ens-fund_i","category-ens-fund_ii","category-ens-medio","category-noticias"],"_links":{"self":[{"href":"https:\/\/redebeneditina.org.br\/pioxi\/wp-json\/wp\/v2\/posts\/34154","targetHints":{"allow":["GET"]}}],"collection":[{"href":"https:\/\/redebeneditina.org.br\/pioxi\/wp-json\/wp\/v2\/posts"}],"about":[{"href":"https:\/\/redebeneditina.org.br\/pioxi\/wp-json\/wp\/v2\/types\/post"}],"author":[{"embeddable":true,"href":"https:\/\/redebeneditina.org.br\/pioxi\/wp-json\/wp\/v2\/users\/4"}],"replies":[{"embeddable":true,"href":"https:\/\/redebeneditina.org.br\/pioxi\/wp-json\/wp\/v2\/comments?post=34154"}],"version-history":[{"count":1,"href":"https:\/\/redebeneditina.org.br\/pioxi\/wp-json\/wp\/v2\/posts\/34154\/revisions"}],"predecessor-version":[{"id":34156,"href":"https:\/\/redebeneditina.org.br\/pioxi\/wp-json\/wp\/v2\/posts\/34154\/revisions\/34156"}],"wp:featuredmedia":[{"embeddable":true,"href":"https:\/\/redebeneditina.org.br\/pioxi\/wp-json\/wp\/v2\/media\/34155"}],"wp:attachment":[{"href":"https:\/\/redebeneditina.org.br\/pioxi\/wp-json\/wp\/v2\/media?parent=34154"}],"wp:term":[{"taxonomy":"category","embeddable":true,"href":"https:\/\/redebeneditina.org.br\/pioxi\/wp-json\/wp\/v2\/categories?post=34154"},{"taxonomy":"post_tag","embeddable":true,"href":"https:\/\/redebeneditina.org.br\/pioxi\/wp-json\/wp\/v2\/tags?post=34154"}],"curies":[{"name":"wp","href":"https:\/\/api.w.org\/{rel}","templated":true}]}}