{"id":34163,"date":"2026-01-26T18:56:38","date_gmt":"2026-01-26T21:56:38","guid":{"rendered":"https:\/\/redebeneditina.org.br\/pioxi\/?p=34163"},"modified":"2026-01-26T18:56:38","modified_gmt":"2026-01-26T21:56:38","slug":"instituto-pio-xi-parabeniza-alunos-pelas-notas-da-redacao-no-enem","status":"publish","type":"post","link":"https:\/\/redebeneditina.org.br\/pioxi\/instituto-pio-xi-parabeniza-alunos-pelas-notas-da-redacao-no-enem\/","title":{"rendered":"Instituto Pio XI parabeniza alunos pelas notas da reda\u00e7\u00e3o no ENEM"},"content":{"rendered":"<p>Parabenizamos nossos alunos e seus familiares pelo excelente desempenho na reda\u00e7\u00e3o do ENEM.<\/p>\n<p>Estamos orgulhosos e desejamos muito sucesso na sua caminhada.<\/p>\nngg_shortcode_0_placeholder\n","protected":false},"excerpt":{"rendered":"<p>Parabenizamos nossos alunos e seus familiares pelo excelente desempenho na reda\u00e7\u00e3o do ENEM. Estamos orgulhosos e desejamos muito sucesso na sua caminhada. &nbsp;<\/p>\n","protected":false},"author":4,"featured_media":34164,"comment_status":"closed","ping_status":"closed","sticky":false,"template":"","format":"standard","meta":{"_monsterinsights_skip_tracking":false,"_monsterinsights_sitenote_active":false,"_monsterinsights_sitenote_note":"","_monsterinsights_sitenote_category":0,"ngg_post_thumbnail":0,"footnotes":""},"categories":[110,91,82],"tags":[],"class_list":["post-34163","post","type-post","status-publish","format-standard","has-post-thumbnail","hentry","category-noticias-ano2026","category-ens-medio","category-noticias"],"_links":{"self":[{"href":"https:\/\/redebeneditina.org.br\/pioxi\/wp-json\/wp\/v2\/posts\/34163","targetHints":{"allow":["GET"]}}],"collection":[{"href":"https:\/\/redebeneditina.org.br\/pioxi\/wp-json\/wp\/v2\/posts"}],"about":[{"href":"https:\/\/redebeneditina.org.br\/pioxi\/wp-json\/wp\/v2\/types\/post"}],"author":[{"embeddable":true,"href":"https:\/\/redebeneditina.org.br\/pioxi\/wp-json\/wp\/v2\/users\/4"}],"replies":[{"embeddable":true,"href":"https:\/\/redebeneditina.org.br\/pioxi\/wp-json\/wp\/v2\/comments?post=34163"}],"version-history":[{"count":1,"href":"https:\/\/redebeneditina.org.br\/pioxi\/wp-json\/wp\/v2\/posts\/34163\/revisions"}],"predecessor-version":[{"id":34170,"href":"https:\/\/redebeneditina.org.br\/pioxi\/wp-json\/wp\/v2\/posts\/34163\/revisions\/34170"}],"wp:featuredmedia":[{"embeddable":true,"href":"https:\/\/redebeneditina.org.br\/pioxi\/wp-json\/wp\/v2\/media\/34164"}],"wp:attachment":[{"href":"https:\/\/redebeneditina.org.br\/pioxi\/wp-json\/wp\/v2\/media?parent=34163"}],"wp:term":[{"taxonomy":"category","embeddable":true,"href":"https:\/\/redebeneditina.org.br\/pioxi\/wp-json\/wp\/v2\/categories?post=34163"},{"taxonomy":"post_tag","embeddable":true,"href":"https:\/\/redebeneditina.org.br\/pioxi\/wp-json\/wp\/v2\/tags?post=34163"}],"curies":[{"name":"wp","href":"https:\/\/api.w.org\/{rel}","templated":true}]}}