{"id":34458,"date":"2026-02-26T13:10:04","date_gmt":"2026-02-26T16:10:04","guid":{"rendered":"https:\/\/redebeneditina.org.br\/pioxi\/?p=34458"},"modified":"2026-03-02T13:14:25","modified_gmt":"2026-03-02T16:14:25","slug":"descobrindo-o-mundo-no-maternal","status":"publish","type":"post","link":"https:\/\/redebeneditina.org.br\/pioxi\/descobrindo-o-mundo-no-maternal\/","title":{"rendered":"Descobrindo o Mundo no Maternal!"},"content":{"rendered":"<p>O ano letivo come\u00e7ou com muito carinho, descobertas e aprendizado para a nossa turma do Maternal!<br \/>\nNa foto, registramos os primeiros momentos das atividades em sala, marcados por experi\u00eancias l\u00fadicas, intera\u00e7\u00e3o entre os pequenos e est\u00edmulos importantes para o desenvolvimento motor, cognitivo e social.<br \/>\nCada detalhe \u00e9 pensado com cuidado para que nossos alunos se sintam acolhidos, seguros e felizes nesse in\u00edcio de caminhada escolar. Que seja um ano de muitas conquistas, sorrisos e aprendizagens!<\/p>\n","protected":false},"excerpt":{"rendered":"<p>O ano letivo come\u00e7ou com muito carinho, descobertas e aprendizado para a nossa turma do Maternal! Na foto, registramos os primeiros momentos das atividades em sala, marcados por experi\u00eancias l\u00fadicas, intera\u00e7\u00e3o entre os pequenos e est\u00edmulos importantes para o desenvolvimento motor, cognitivo e social. Cada detalhe \u00e9 pensado com cuidado para que nossos alunos se&#8230;<\/p>\n","protected":false},"author":4,"featured_media":34460,"comment_status":"closed","ping_status":"closed","sticky":false,"template":"","format":"standard","meta":{"_monsterinsights_skip_tracking":false,"_monsterinsights_sitenote_active":false,"_monsterinsights_sitenote_note":"","_monsterinsights_sitenote_category":0,"ngg_post_thumbnail":0,"footnotes":""},"categories":[110,88,82],"tags":[],"class_list":["post-34458","post","type-post","status-publish","format-standard","has-post-thumbnail","hentry","category-noticias-ano2026","category-ed-infantil","category-noticias"],"_links":{"self":[{"href":"https:\/\/redebeneditina.org.br\/pioxi\/wp-json\/wp\/v2\/posts\/34458","targetHints":{"allow":["GET"]}}],"collection":[{"href":"https:\/\/redebeneditina.org.br\/pioxi\/wp-json\/wp\/v2\/posts"}],"about":[{"href":"https:\/\/redebeneditina.org.br\/pioxi\/wp-json\/wp\/v2\/types\/post"}],"author":[{"embeddable":true,"href":"https:\/\/redebeneditina.org.br\/pioxi\/wp-json\/wp\/v2\/users\/4"}],"replies":[{"embeddable":true,"href":"https:\/\/redebeneditina.org.br\/pioxi\/wp-json\/wp\/v2\/comments?post=34458"}],"version-history":[{"count":1,"href":"https:\/\/redebeneditina.org.br\/pioxi\/wp-json\/wp\/v2\/posts\/34458\/revisions"}],"predecessor-version":[{"id":34461,"href":"https:\/\/redebeneditina.org.br\/pioxi\/wp-json\/wp\/v2\/posts\/34458\/revisions\/34461"}],"wp:featuredmedia":[{"embeddable":true,"href":"https:\/\/redebeneditina.org.br\/pioxi\/wp-json\/wp\/v2\/media\/34460"}],"wp:attachment":[{"href":"https:\/\/redebeneditina.org.br\/pioxi\/wp-json\/wp\/v2\/media?parent=34458"}],"wp:term":[{"taxonomy":"category","embeddable":true,"href":"https:\/\/redebeneditina.org.br\/pioxi\/wp-json\/wp\/v2\/categories?post=34458"},{"taxonomy":"post_tag","embeddable":true,"href":"https:\/\/redebeneditina.org.br\/pioxi\/wp-json\/wp\/v2\/tags?post=34458"}],"curies":[{"name":"wp","href":"https:\/\/api.w.org\/{rel}","templated":true}]}}