{"id":34465,"date":"2026-02-26T13:16:35","date_gmt":"2026-02-26T16:16:35","guid":{"rendered":"https:\/\/redebeneditina.org.br\/pioxi\/?p=34465"},"modified":"2026-03-02T13:19:50","modified_gmt":"2026-03-02T16:19:50","slug":"carnaval-de-alegria-no-instituto-pio-xi","status":"publish","type":"post","link":"https:\/\/redebeneditina.org.br\/pioxi\/carnaval-de-alegria-no-instituto-pio-xi\/","title":{"rendered":"Carnaval de Alegria no Instituto Pio XI!"},"content":{"rendered":"<p>O clima de Carnaval tomou conta do Instituto Pio XI e trouxe ainda mais alegria para a rotina dos nossos pequenos!<br \/>\nEntre cores, m\u00fasicas e muita anima\u00e7\u00e3o, as crian\u00e7as vivenciaram momentos de descontra\u00e7\u00e3o, express\u00e3o e integra\u00e7\u00e3o, respeitando a ludicidade pr\u00f3pria da inf\u00e2ncia.<br \/>\nEssas viv\u00eancias contribuem para o desenvolvimento da criatividade, da socializa\u00e7\u00e3o e do contato com a cultura brasileira, sempre de forma leve, segura e adequada \u00e0 faixa et\u00e1ria.<br \/>\nFoi um momento especial, repleto de sorrisos, brincadeiras e boas mem\u00f3rias!<\/p>\nngg_shortcode_0_placeholder\n","protected":false},"excerpt":{"rendered":"<p>O clima de Carnaval tomou conta do Instituto Pio XI e trouxe ainda mais alegria para a rotina dos nossos pequenos! Entre cores, m\u00fasicas e muita anima\u00e7\u00e3o, as crian\u00e7as vivenciaram momentos de descontra\u00e7\u00e3o, express\u00e3o e integra\u00e7\u00e3o, respeitando a ludicidade pr\u00f3pria da inf\u00e2ncia. Essas viv\u00eancias contribuem para o desenvolvimento da criatividade, da socializa\u00e7\u00e3o e do contato&#8230;<\/p>\n","protected":false},"author":4,"featured_media":34478,"comment_status":"closed","ping_status":"closed","sticky":false,"template":"","format":"standard","meta":{"_monsterinsights_skip_tracking":false,"_monsterinsights_sitenote_active":false,"_monsterinsights_sitenote_note":"","_monsterinsights_sitenote_category":0,"ngg_post_thumbnail":0,"footnotes":""},"categories":[110,88,82],"tags":[],"class_list":["post-34465","post","type-post","status-publish","format-standard","has-post-thumbnail","hentry","category-noticias-ano2026","category-ed-infantil","category-noticias"],"_links":{"self":[{"href":"https:\/\/redebeneditina.org.br\/pioxi\/wp-json\/wp\/v2\/posts\/34465","targetHints":{"allow":["GET"]}}],"collection":[{"href":"https:\/\/redebeneditina.org.br\/pioxi\/wp-json\/wp\/v2\/posts"}],"about":[{"href":"https:\/\/redebeneditina.org.br\/pioxi\/wp-json\/wp\/v2\/types\/post"}],"author":[{"embeddable":true,"href":"https:\/\/redebeneditina.org.br\/pioxi\/wp-json\/wp\/v2\/users\/4"}],"replies":[{"embeddable":true,"href":"https:\/\/redebeneditina.org.br\/pioxi\/wp-json\/wp\/v2\/comments?post=34465"}],"version-history":[{"count":1,"href":"https:\/\/redebeneditina.org.br\/pioxi\/wp-json\/wp\/v2\/posts\/34465\/revisions"}],"predecessor-version":[{"id":34493,"href":"https:\/\/redebeneditina.org.br\/pioxi\/wp-json\/wp\/v2\/posts\/34465\/revisions\/34493"}],"wp:featuredmedia":[{"embeddable":true,"href":"https:\/\/redebeneditina.org.br\/pioxi\/wp-json\/wp\/v2\/media\/34478"}],"wp:attachment":[{"href":"https:\/\/redebeneditina.org.br\/pioxi\/wp-json\/wp\/v2\/media?parent=34465"}],"wp:term":[{"taxonomy":"category","embeddable":true,"href":"https:\/\/redebeneditina.org.br\/pioxi\/wp-json\/wp\/v2\/categories?post=34465"},{"taxonomy":"post_tag","embeddable":true,"href":"https:\/\/redebeneditina.org.br\/pioxi\/wp-json\/wp\/v2\/tags?post=34465"}],"curies":[{"name":"wp","href":"https:\/\/api.w.org\/{rel}","templated":true}]}}