{"id":34494,"date":"2026-02-26T13:27:14","date_gmt":"2026-02-26T16:27:14","guid":{"rendered":"https:\/\/redebeneditina.org.br\/pioxi\/?p=34494"},"modified":"2026-03-02T13:29:56","modified_gmt":"2026-03-02T16:29:56","slug":"aprendizagem-ludica-na-escrita-do-nome-pre-2","status":"publish","type":"post","link":"https:\/\/redebeneditina.org.br\/pioxi\/aprendizagem-ludica-na-escrita-do-nome-pre-2\/","title":{"rendered":"Aprendizagem l\u00fadica na escrita do nome &#8211; Pr\u00e9 2"},"content":{"rendered":"<div dir=\"ltr\">\n<div class=\"gmail_quote\">\n<div dir=\"ltr\">Com a orienta\u00e7\u00e3o da professora Gabriella, os alunos do Pr\u00e9 2 participam de atividades l\u00fadicas e musicais que fortalecem o reconhecimento das letras do pr\u00f3prio nome. Durante as propostas, identificaram suas fichas nominais na piscina de bolinhas e, ao manusear o pregador para pegar a pr\u00f3pria ficha, realizaram o movimento de pin\u00e7a, desenvolvendo a coordena\u00e7\u00e3o motora fina.<\/div>\n<div dir=\"ltr\">O aprendizado acontece de forma leve, significativa e divertida, respeitando o tempo e o desenvolvimento de cada crian\u00e7a.<\/div>\n<div dir=\"ltr\">ngg_shortcode_0_placeholder<\/div>\n<\/div>\n<\/div>\n","protected":false},"excerpt":{"rendered":"<p>Com a orienta\u00e7\u00e3o da professora Gabriella, os alunos do Pr\u00e9 2 participam de atividades l\u00fadicas e musicais que fortalecem o reconhecimento das letras do pr\u00f3prio nome. Durante as propostas, identificaram suas fichas nominais na piscina de bolinhas e, ao manusear o pregador para pegar a pr\u00f3pria ficha, realizaram o movimento de pin\u00e7a, desenvolvendo a coordena\u00e7\u00e3o&#8230;<\/p>\n","protected":false},"author":4,"featured_media":34496,"comment_status":"closed","ping_status":"closed","sticky":false,"template":"","format":"standard","meta":{"_monsterinsights_skip_tracking":false,"_monsterinsights_sitenote_active":false,"_monsterinsights_sitenote_note":"","_monsterinsights_sitenote_category":0,"ngg_post_thumbnail":0,"footnotes":""},"categories":[110,88,82],"tags":[],"class_list":["post-34494","post","type-post","status-publish","format-standard","has-post-thumbnail","hentry","category-noticias-ano2026","category-ed-infantil","category-noticias"],"_links":{"self":[{"href":"https:\/\/redebeneditina.org.br\/pioxi\/wp-json\/wp\/v2\/posts\/34494","targetHints":{"allow":["GET"]}}],"collection":[{"href":"https:\/\/redebeneditina.org.br\/pioxi\/wp-json\/wp\/v2\/posts"}],"about":[{"href":"https:\/\/redebeneditina.org.br\/pioxi\/wp-json\/wp\/v2\/types\/post"}],"author":[{"embeddable":true,"href":"https:\/\/redebeneditina.org.br\/pioxi\/wp-json\/wp\/v2\/users\/4"}],"replies":[{"embeddable":true,"href":"https:\/\/redebeneditina.org.br\/pioxi\/wp-json\/wp\/v2\/comments?post=34494"}],"version-history":[{"count":1,"href":"https:\/\/redebeneditina.org.br\/pioxi\/wp-json\/wp\/v2\/posts\/34494\/revisions"}],"predecessor-version":[{"id":34512,"href":"https:\/\/redebeneditina.org.br\/pioxi\/wp-json\/wp\/v2\/posts\/34494\/revisions\/34512"}],"wp:featuredmedia":[{"embeddable":true,"href":"https:\/\/redebeneditina.org.br\/pioxi\/wp-json\/wp\/v2\/media\/34496"}],"wp:attachment":[{"href":"https:\/\/redebeneditina.org.br\/pioxi\/wp-json\/wp\/v2\/media?parent=34494"}],"wp:term":[{"taxonomy":"category","embeddable":true,"href":"https:\/\/redebeneditina.org.br\/pioxi\/wp-json\/wp\/v2\/categories?post=34494"},{"taxonomy":"post_tag","embeddable":true,"href":"https:\/\/redebeneditina.org.br\/pioxi\/wp-json\/wp\/v2\/tags?post=34494"}],"curies":[{"name":"wp","href":"https:\/\/api.w.org\/{rel}","templated":true}]}}