{"id":34513,"date":"2026-02-26T13:30:02","date_gmt":"2026-02-26T16:30:02","guid":{"rendered":"https:\/\/redebeneditina.org.br\/pioxi\/?p=34513"},"modified":"2026-03-02T13:34:13","modified_gmt":"2026-03-02T16:34:13","slug":"alegria-que-ensina-no-parquinho-maternal","status":"publish","type":"post","link":"https:\/\/redebeneditina.org.br\/pioxi\/alegria-que-ensina-no-parquinho-maternal\/","title":{"rendered":"Alegria que Ensina no Parquinho! &#8211; Maternal"},"content":{"rendered":"<p>O parquinho \u00e9 um dos momentos mais esperados do dia pela nossa turma do Maternal! Na foto, registramos um tempo especial de brincadeira livre, contato com a areia e muita alegria ao ar livre.<br \/>\nEssas viv\u00eancias s\u00e3o fundamentais para o desenvolvimento motor, a socializa\u00e7\u00e3o e a explora\u00e7\u00e3o do mundo ao redor. Brincando, nossos pequenos aprendem a compartilhar, a respeitar o espa\u00e7o do outro e a descobrir novas possibilidades com curiosidade e encantamento.<br \/>\nTudo isso sempre acompanhado com carinho, cuidado e aten\u00e7\u00e3o das nossas educadoras, garantindo um ambiente seguro e acolhedor.<br \/>\nNo Instituto Pio XI, brincar tamb\u00e9m \u00e9 aprender!<\/p>\nngg_shortcode_0_placeholder\n","protected":false},"excerpt":{"rendered":"<p>O parquinho \u00e9 um dos momentos mais esperados do dia pela nossa turma do Maternal! Na foto, registramos um tempo especial de brincadeira livre, contato com a areia e muita alegria ao ar livre. Essas viv\u00eancias s\u00e3o fundamentais para o desenvolvimento motor, a socializa\u00e7\u00e3o e a explora\u00e7\u00e3o do mundo ao redor. Brincando, nossos pequenos aprendem&#8230;<\/p>\n","protected":false},"author":4,"featured_media":34514,"comment_status":"closed","ping_status":"closed","sticky":false,"template":"","format":"standard","meta":{"_monsterinsights_skip_tracking":false,"_monsterinsights_sitenote_active":false,"_monsterinsights_sitenote_note":"","_monsterinsights_sitenote_category":0,"ngg_post_thumbnail":0,"footnotes":""},"categories":[110,88,82],"tags":[],"class_list":["post-34513","post","type-post","status-publish","format-standard","has-post-thumbnail","hentry","category-noticias-ano2026","category-ed-infantil","category-noticias"],"_links":{"self":[{"href":"https:\/\/redebeneditina.org.br\/pioxi\/wp-json\/wp\/v2\/posts\/34513","targetHints":{"allow":["GET"]}}],"collection":[{"href":"https:\/\/redebeneditina.org.br\/pioxi\/wp-json\/wp\/v2\/posts"}],"about":[{"href":"https:\/\/redebeneditina.org.br\/pioxi\/wp-json\/wp\/v2\/types\/post"}],"author":[{"embeddable":true,"href":"https:\/\/redebeneditina.org.br\/pioxi\/wp-json\/wp\/v2\/users\/4"}],"replies":[{"embeddable":true,"href":"https:\/\/redebeneditina.org.br\/pioxi\/wp-json\/wp\/v2\/comments?post=34513"}],"version-history":[{"count":1,"href":"https:\/\/redebeneditina.org.br\/pioxi\/wp-json\/wp\/v2\/posts\/34513\/revisions"}],"predecessor-version":[{"id":34551,"href":"https:\/\/redebeneditina.org.br\/pioxi\/wp-json\/wp\/v2\/posts\/34513\/revisions\/34551"}],"wp:featuredmedia":[{"embeddable":true,"href":"https:\/\/redebeneditina.org.br\/pioxi\/wp-json\/wp\/v2\/media\/34514"}],"wp:attachment":[{"href":"https:\/\/redebeneditina.org.br\/pioxi\/wp-json\/wp\/v2\/media?parent=34513"}],"wp:term":[{"taxonomy":"category","embeddable":true,"href":"https:\/\/redebeneditina.org.br\/pioxi\/wp-json\/wp\/v2\/categories?post=34513"},{"taxonomy":"post_tag","embeddable":true,"href":"https:\/\/redebeneditina.org.br\/pioxi\/wp-json\/wp\/v2\/tags?post=34513"}],"curies":[{"name":"wp","href":"https:\/\/api.w.org\/{rel}","templated":true}]}}