{"id":34552,"date":"2026-02-26T13:34:19","date_gmt":"2026-02-26T16:34:19","guid":{"rendered":"https:\/\/redebeneditina.org.br\/pioxi\/?p=34552"},"modified":"2026-03-02T13:37:35","modified_gmt":"2026-03-02T16:37:35","slug":"pequenos-movimento-grandes-conquistas-pre-1","status":"publish","type":"post","link":"https:\/\/redebeneditina.org.br\/pioxi\/pequenos-movimento-grandes-conquistas-pre-1\/","title":{"rendered":"Pequenos movimento, grandes conquistas! &#8211; Pr\u00e9 1"},"content":{"rendered":"<div dir=\"ltr\">\n<div class=\"gmail_quote\">\n<div dir=\"ltr\">A turma do Pr\u00e9 1, vem realizando atividades para desenvolver a coordena\u00e7\u00e3o motora fina, como colagem de bolinhas de papel crepom e lantejoulas, explora\u00e7\u00e3o das vogais na areia e retirada de fita do palito. De forma l\u00fadica, as crian\u00e7as fortalecem o movimento de pin\u00e7a, a concentra\u00e7\u00e3o e o controle dos pequenos movimentos, essenciais para o processo de escrita.<\/div>\n<div dir=\"ltr\">ngg_shortcode_0_placeholder<\/div>\n<\/div>\n<\/div>\n","protected":false},"excerpt":{"rendered":"<p>A turma do Pr\u00e9 1, vem realizando atividades para desenvolver a coordena\u00e7\u00e3o motora fina, como colagem de bolinhas de papel crepom e lantejoulas, explora\u00e7\u00e3o das vogais na areia e retirada de fita do palito. De forma l\u00fadica, as crian\u00e7as fortalecem o movimento de pin\u00e7a, a concentra\u00e7\u00e3o e o controle dos pequenos movimentos, essenciais para o&#8230;<\/p>\n","protected":false},"author":4,"featured_media":34554,"comment_status":"closed","ping_status":"closed","sticky":false,"template":"","format":"standard","meta":{"_monsterinsights_skip_tracking":false,"_monsterinsights_sitenote_active":false,"_monsterinsights_sitenote_note":"","_monsterinsights_sitenote_category":0,"ngg_post_thumbnail":0,"footnotes":""},"categories":[110,88,82],"tags":[],"class_list":["post-34552","post","type-post","status-publish","format-standard","has-post-thumbnail","hentry","category-noticias-ano2026","category-ed-infantil","category-noticias"],"_links":{"self":[{"href":"https:\/\/redebeneditina.org.br\/pioxi\/wp-json\/wp\/v2\/posts\/34552","targetHints":{"allow":["GET"]}}],"collection":[{"href":"https:\/\/redebeneditina.org.br\/pioxi\/wp-json\/wp\/v2\/posts"}],"about":[{"href":"https:\/\/redebeneditina.org.br\/pioxi\/wp-json\/wp\/v2\/types\/post"}],"author":[{"embeddable":true,"href":"https:\/\/redebeneditina.org.br\/pioxi\/wp-json\/wp\/v2\/users\/4"}],"replies":[{"embeddable":true,"href":"https:\/\/redebeneditina.org.br\/pioxi\/wp-json\/wp\/v2\/comments?post=34552"}],"version-history":[{"count":1,"href":"https:\/\/redebeneditina.org.br\/pioxi\/wp-json\/wp\/v2\/posts\/34552\/revisions"}],"predecessor-version":[{"id":34574,"href":"https:\/\/redebeneditina.org.br\/pioxi\/wp-json\/wp\/v2\/posts\/34552\/revisions\/34574"}],"wp:featuredmedia":[{"embeddable":true,"href":"https:\/\/redebeneditina.org.br\/pioxi\/wp-json\/wp\/v2\/media\/34554"}],"wp:attachment":[{"href":"https:\/\/redebeneditina.org.br\/pioxi\/wp-json\/wp\/v2\/media?parent=34552"}],"wp:term":[{"taxonomy":"category","embeddable":true,"href":"https:\/\/redebeneditina.org.br\/pioxi\/wp-json\/wp\/v2\/categories?post=34552"},{"taxonomy":"post_tag","embeddable":true,"href":"https:\/\/redebeneditina.org.br\/pioxi\/wp-json\/wp\/v2\/tags?post=34552"}],"curies":[{"name":"wp","href":"https:\/\/api.w.org\/{rel}","templated":true}]}}