{"id":34575,"date":"2026-02-26T14:39:54","date_gmt":"2026-02-26T17:39:54","guid":{"rendered":"https:\/\/redebeneditina.org.br\/pioxi\/?p=34575"},"modified":"2026-03-02T14:43:10","modified_gmt":"2026-03-02T17:43:10","slug":"explorando-os-tipos-de-linguagem-no-6o-ano","status":"publish","type":"post","link":"https:\/\/redebeneditina.org.br\/pioxi\/explorando-os-tipos-de-linguagem-no-6o-ano\/","title":{"rendered":"Explorando os Tipos de Linguagem no 6\u00ba ano!"},"content":{"rendered":"<p>Os alunos do 6\u00b0 ano, orientados pela professora Waleska, de L\u00edngua Portuguesa, vivenciaram uma atividade din\u00e2mica e interativa sobre os tipos de linguagem. Foi um momento de troca, participa\u00e7\u00e3o e constru\u00e7\u00e3o do conhecimento.<\/p>\nngg_shortcode_0_placeholder\n","protected":false},"excerpt":{"rendered":"<p>Os alunos do 6\u00b0 ano, orientados pela professora Waleska, de L\u00edngua Portuguesa, vivenciaram uma atividade din\u00e2mica e interativa sobre os tipos de linguagem. Foi um momento de troca, participa\u00e7\u00e3o e constru\u00e7\u00e3o do conhecimento. &nbsp;<\/p>\n","protected":false},"author":4,"featured_media":34579,"comment_status":"closed","ping_status":"closed","sticky":false,"template":"","format":"standard","meta":{"_monsterinsights_skip_tracking":false,"_monsterinsights_sitenote_active":false,"_monsterinsights_sitenote_note":"","_monsterinsights_sitenote_category":0,"ngg_post_thumbnail":0,"footnotes":""},"categories":[110,90,82],"tags":[],"class_list":["post-34575","post","type-post","status-publish","format-standard","has-post-thumbnail","hentry","category-noticias-ano2026","category-ens-fund_ii","category-noticias"],"_links":{"self":[{"href":"https:\/\/redebeneditina.org.br\/pioxi\/wp-json\/wp\/v2\/posts\/34575","targetHints":{"allow":["GET"]}}],"collection":[{"href":"https:\/\/redebeneditina.org.br\/pioxi\/wp-json\/wp\/v2\/posts"}],"about":[{"href":"https:\/\/redebeneditina.org.br\/pioxi\/wp-json\/wp\/v2\/types\/post"}],"author":[{"embeddable":true,"href":"https:\/\/redebeneditina.org.br\/pioxi\/wp-json\/wp\/v2\/users\/4"}],"replies":[{"embeddable":true,"href":"https:\/\/redebeneditina.org.br\/pioxi\/wp-json\/wp\/v2\/comments?post=34575"}],"version-history":[{"count":1,"href":"https:\/\/redebeneditina.org.br\/pioxi\/wp-json\/wp\/v2\/posts\/34575\/revisions"}],"predecessor-version":[{"id":34585,"href":"https:\/\/redebeneditina.org.br\/pioxi\/wp-json\/wp\/v2\/posts\/34575\/revisions\/34585"}],"wp:featuredmedia":[{"embeddable":true,"href":"https:\/\/redebeneditina.org.br\/pioxi\/wp-json\/wp\/v2\/media\/34579"}],"wp:attachment":[{"href":"https:\/\/redebeneditina.org.br\/pioxi\/wp-json\/wp\/v2\/media?parent=34575"}],"wp:term":[{"taxonomy":"category","embeddable":true,"href":"https:\/\/redebeneditina.org.br\/pioxi\/wp-json\/wp\/v2\/categories?post=34575"},{"taxonomy":"post_tag","embeddable":true,"href":"https:\/\/redebeneditina.org.br\/pioxi\/wp-json\/wp\/v2\/tags?post=34575"}],"curies":[{"name":"wp","href":"https:\/\/api.w.org\/{rel}","templated":true}]}}