{"id":34589,"date":"2026-02-26T14:48:29","date_gmt":"2026-02-26T17:48:29","guid":{"rendered":"https:\/\/redebeneditina.org.br\/pioxi\/?p=34589"},"modified":"2026-03-02T14:48:40","modified_gmt":"2026-03-02T17:48:40","slug":"89-anos-do-instituto-pio-xi-esta-chegando","status":"publish","type":"post","link":"https:\/\/redebeneditina.org.br\/pioxi\/89-anos-do-instituto-pio-xi-esta-chegando\/","title":{"rendered":"89 anos do Instituto Pio XI est\u00e1 chegando!"},"content":{"rendered":"<p>Est\u00e1 chegando &#8230;<br \/>\n89 anos do Instituto Pio XI!<br \/>\nReservem essa data: 21\/03\/2026, s\u00e1bado.<br \/>\nEm breve, mais informa\u00e7\u00f5es.<\/p>\n","protected":false},"excerpt":{"rendered":"<p>Est\u00e1 chegando &#8230; 89 anos do Instituto Pio XI! Reservem essa data: 21\/03\/2026, s\u00e1bado. Em breve, mais informa\u00e7\u00f5es.<\/p>\n","protected":false},"author":4,"featured_media":34590,"comment_status":"closed","ping_status":"closed","sticky":false,"template":"","format":"standard","meta":{"_monsterinsights_skip_tracking":false,"_monsterinsights_sitenote_active":false,"_monsterinsights_sitenote_note":"","_monsterinsights_sitenote_category":0,"ngg_post_thumbnail":0,"footnotes":""},"categories":[110,88,89,90,91,82],"tags":[],"class_list":["post-34589","post","type-post","status-publish","format-standard","has-post-thumbnail","hentry","category-noticias-ano2026","category-ed-infantil","category-ens-fund_i","category-ens-fund_ii","category-ens-medio","category-noticias"],"_links":{"self":[{"href":"https:\/\/redebeneditina.org.br\/pioxi\/wp-json\/wp\/v2\/posts\/34589","targetHints":{"allow":["GET"]}}],"collection":[{"href":"https:\/\/redebeneditina.org.br\/pioxi\/wp-json\/wp\/v2\/posts"}],"about":[{"href":"https:\/\/redebeneditina.org.br\/pioxi\/wp-json\/wp\/v2\/types\/post"}],"author":[{"embeddable":true,"href":"https:\/\/redebeneditina.org.br\/pioxi\/wp-json\/wp\/v2\/users\/4"}],"replies":[{"embeddable":true,"href":"https:\/\/redebeneditina.org.br\/pioxi\/wp-json\/wp\/v2\/comments?post=34589"}],"version-history":[{"count":1,"href":"https:\/\/redebeneditina.org.br\/pioxi\/wp-json\/wp\/v2\/posts\/34589\/revisions"}],"predecessor-version":[{"id":34591,"href":"https:\/\/redebeneditina.org.br\/pioxi\/wp-json\/wp\/v2\/posts\/34589\/revisions\/34591"}],"wp:featuredmedia":[{"embeddable":true,"href":"https:\/\/redebeneditina.org.br\/pioxi\/wp-json\/wp\/v2\/media\/34590"}],"wp:attachment":[{"href":"https:\/\/redebeneditina.org.br\/pioxi\/wp-json\/wp\/v2\/media?parent=34589"}],"wp:term":[{"taxonomy":"category","embeddable":true,"href":"https:\/\/redebeneditina.org.br\/pioxi\/wp-json\/wp\/v2\/categories?post=34589"},{"taxonomy":"post_tag","embeddable":true,"href":"https:\/\/redebeneditina.org.br\/pioxi\/wp-json\/wp\/v2\/tags?post=34589"}],"curies":[{"name":"wp","href":"https:\/\/api.w.org\/{rel}","templated":true}]}}