{"id":34598,"date":"2026-03-04T12:23:21","date_gmt":"2026-03-04T15:23:21","guid":{"rendered":"https:\/\/redebeneditina.org.br\/pioxi\/?p=34598"},"modified":"2026-03-04T12:23:21","modified_gmt":"2026-03-04T15:23:21","slug":"seguranca-digital-em-foco-no-ensino-medio-do-instituto-pio-xi","status":"publish","type":"post","link":"https:\/\/redebeneditina.org.br\/pioxi\/seguranca-digital-em-foco-no-ensino-medio-do-instituto-pio-xi\/","title":{"rendered":"Seguran\u00e7a Digital em Foco no Ensino M\u00e9dio do Instituto Pio XI"},"content":{"rendered":"<p>As turmas do Ensino M\u00e9dio do Instituto Pio XI, sob a orienta\u00e7\u00e3o do professor F\u00e1bio, do componente curricular de Educa\u00e7\u00e3o Digital, participaram de uma &nbsp;apresenta\u00e7\u00e3o com o tema Seguran\u00e7a Digital, promovendo reflex\u00e3o e aprendizado sobre o uso consciente, \u00e9tico e respons\u00e1vel da tecnologia.<\/p>\n<p>A atividade foi realizada em parceria com a Inicie Educa\u00e7\u00e3o e contou com a participa\u00e7\u00e3o especial da palestrante Silvia Marcon, que trouxe orienta\u00e7\u00f5es fundamentais sobre prote\u00e7\u00e3o de dados, preven\u00e7\u00e3o a riscos no ambiente virtual e pr\u00e1ticas de cidadania digital.<\/p>\n<p>Momentos como esse fortalecem a forma\u00e7\u00e3o integral dos nossos alunos, preparando-os para os desafios do mundo digital com conhecimento, responsabilidade e consci\u00eancia cr\u00edtica.<\/p>\nngg_shortcode_0_placeholder\n","protected":false},"excerpt":{"rendered":"<p>As turmas do Ensino M\u00e9dio do Instituto Pio XI, sob a orienta\u00e7\u00e3o do professor F\u00e1bio, do componente curricular de Educa\u00e7\u00e3o Digital, participaram de uma &nbsp;apresenta\u00e7\u00e3o com o tema Seguran\u00e7a Digital, promovendo reflex\u00e3o e aprendizado sobre o uso consciente, \u00e9tico e respons\u00e1vel da tecnologia. A atividade foi realizada em parceria com a Inicie Educa\u00e7\u00e3o e contou&#8230;<\/p>\n","protected":false},"author":4,"featured_media":34604,"comment_status":"closed","ping_status":"closed","sticky":false,"template":"","format":"standard","meta":{"_monsterinsights_skip_tracking":false,"_monsterinsights_sitenote_active":false,"_monsterinsights_sitenote_note":"","_monsterinsights_sitenote_category":0,"ngg_post_thumbnail":0,"footnotes":""},"categories":[110,91,82],"tags":[],"class_list":["post-34598","post","type-post","status-publish","format-standard","has-post-thumbnail","hentry","category-noticias-ano2026","category-ens-medio","category-noticias"],"_links":{"self":[{"href":"https:\/\/redebeneditina.org.br\/pioxi\/wp-json\/wp\/v2\/posts\/34598","targetHints":{"allow":["GET"]}}],"collection":[{"href":"https:\/\/redebeneditina.org.br\/pioxi\/wp-json\/wp\/v2\/posts"}],"about":[{"href":"https:\/\/redebeneditina.org.br\/pioxi\/wp-json\/wp\/v2\/types\/post"}],"author":[{"embeddable":true,"href":"https:\/\/redebeneditina.org.br\/pioxi\/wp-json\/wp\/v2\/users\/4"}],"replies":[{"embeddable":true,"href":"https:\/\/redebeneditina.org.br\/pioxi\/wp-json\/wp\/v2\/comments?post=34598"}],"version-history":[{"count":1,"href":"https:\/\/redebeneditina.org.br\/pioxi\/wp-json\/wp\/v2\/posts\/34598\/revisions"}],"predecessor-version":[{"id":34612,"href":"https:\/\/redebeneditina.org.br\/pioxi\/wp-json\/wp\/v2\/posts\/34598\/revisions\/34612"}],"wp:featuredmedia":[{"embeddable":true,"href":"https:\/\/redebeneditina.org.br\/pioxi\/wp-json\/wp\/v2\/media\/34604"}],"wp:attachment":[{"href":"https:\/\/redebeneditina.org.br\/pioxi\/wp-json\/wp\/v2\/media?parent=34598"}],"wp:term":[{"taxonomy":"category","embeddable":true,"href":"https:\/\/redebeneditina.org.br\/pioxi\/wp-json\/wp\/v2\/categories?post=34598"},{"taxonomy":"post_tag","embeddable":true,"href":"https:\/\/redebeneditina.org.br\/pioxi\/wp-json\/wp\/v2\/tags?post=34598"}],"curies":[{"name":"wp","href":"https:\/\/api.w.org\/{rel}","templated":true}]}}