{"id":34613,"date":"2026-03-04T12:44:10","date_gmt":"2026-03-04T15:44:10","guid":{"rendered":"https:\/\/redebeneditina.org.br\/pioxi\/?p=34613"},"modified":"2026-03-04T12:44:51","modified_gmt":"2026-03-04T15:44:51","slug":"espirito-de-parceria-da-o-tom-ao-primeiro-dia-tematico-do-terceirao-no-instituto-pio-xi","status":"publish","type":"post","link":"https:\/\/redebeneditina.org.br\/pioxi\/espirito-de-parceria-da-o-tom-ao-primeiro-dia-tematico-do-terceirao-no-instituto-pio-xi\/","title":{"rendered":"Esp\u00edrito de parceria d\u00e1 o tom ao Primeiro Dia Tem\u00e1tico do Terceir\u00e3o no Instituto Pio XI"},"content":{"rendered":"<p>O primeiro dia tem\u00e1tico do Terceir\u00e3o foi marcado por criatividade, sintonia e muita anima\u00e7\u00e3o! Com o tema&nbsp;<strong>\u201cGrupos e Duplas\u201d<\/strong>, os alunos transformaram a escola em um verdadeiro palco de refer\u00eancias, personagens e combina\u00e7\u00f5es cheias de significado.<\/p>\n<p>Ficou evidente o esp\u00edrito de parceria que acompanha a turma neste ano t\u00e3o especial. Afinal, o Terceir\u00e3o \u00e9 tempo de desafios, mas tamb\u00e9m de uni\u00e3o e alegria.&nbsp;<\/p>\n<p>Que este seja apenas o in\u00edcio de uma trajet\u00f3ria repleta de momentos marcantes, cumplicidade e conquistas!<\/p>\nngg_shortcode_0_placeholder\n","protected":false},"excerpt":{"rendered":"<p>O primeiro dia tem\u00e1tico do Terceir\u00e3o foi marcado por criatividade, sintonia e muita anima\u00e7\u00e3o! Com o tema&nbsp;\u201cGrupos e Duplas\u201d, os alunos transformaram a escola em um verdadeiro palco de refer\u00eancias, personagens e combina\u00e7\u00f5es cheias de significado. Ficou evidente o esp\u00edrito de parceria que acompanha a turma neste ano t\u00e3o especial. Afinal, o Terceir\u00e3o \u00e9 tempo&#8230;<\/p>\n","protected":false},"author":4,"featured_media":34716,"comment_status":"closed","ping_status":"closed","sticky":false,"template":"","format":"standard","meta":{"_monsterinsights_skip_tracking":false,"_monsterinsights_sitenote_active":false,"_monsterinsights_sitenote_note":"","_monsterinsights_sitenote_category":0,"ngg_post_thumbnail":0,"footnotes":""},"categories":[110,91,82],"tags":[],"class_list":["post-34613","post","type-post","status-publish","format-standard","has-post-thumbnail","hentry","category-noticias-ano2026","category-ens-medio","category-noticias"],"_links":{"self":[{"href":"https:\/\/redebeneditina.org.br\/pioxi\/wp-json\/wp\/v2\/posts\/34613","targetHints":{"allow":["GET"]}}],"collection":[{"href":"https:\/\/redebeneditina.org.br\/pioxi\/wp-json\/wp\/v2\/posts"}],"about":[{"href":"https:\/\/redebeneditina.org.br\/pioxi\/wp-json\/wp\/v2\/types\/post"}],"author":[{"embeddable":true,"href":"https:\/\/redebeneditina.org.br\/pioxi\/wp-json\/wp\/v2\/users\/4"}],"replies":[{"embeddable":true,"href":"https:\/\/redebeneditina.org.br\/pioxi\/wp-json\/wp\/v2\/comments?post=34613"}],"version-history":[{"count":3,"href":"https:\/\/redebeneditina.org.br\/pioxi\/wp-json\/wp\/v2\/posts\/34613\/revisions"}],"predecessor-version":[{"id":34823,"href":"https:\/\/redebeneditina.org.br\/pioxi\/wp-json\/wp\/v2\/posts\/34613\/revisions\/34823"}],"wp:featuredmedia":[{"embeddable":true,"href":"https:\/\/redebeneditina.org.br\/pioxi\/wp-json\/wp\/v2\/media\/34716"}],"wp:attachment":[{"href":"https:\/\/redebeneditina.org.br\/pioxi\/wp-json\/wp\/v2\/media?parent=34613"}],"wp:term":[{"taxonomy":"category","embeddable":true,"href":"https:\/\/redebeneditina.org.br\/pioxi\/wp-json\/wp\/v2\/categories?post=34613"},{"taxonomy":"post_tag","embeddable":true,"href":"https:\/\/redebeneditina.org.br\/pioxi\/wp-json\/wp\/v2\/tags?post=34613"}],"curies":[{"name":"wp","href":"https:\/\/api.w.org\/{rel}","templated":true}]}}