{"id":34824,"date":"2026-03-04T12:48:35","date_gmt":"2026-03-04T15:48:35","guid":{"rendered":"https:\/\/redebeneditina.org.br\/pioxi\/?p=34824"},"modified":"2026-03-04T12:48:35","modified_gmt":"2026-03-04T15:48:35","slug":"primeiros-passos-grandes-conquistas-acolhida-do-maternal-no-instituto-pio-xi","status":"publish","type":"post","link":"https:\/\/redebeneditina.org.br\/pioxi\/primeiros-passos-grandes-conquistas-acolhida-do-maternal-no-instituto-pio-xi\/","title":{"rendered":"Primeiros Passos, Grandes Conquistas: Acolhida do Maternal no Instituto Pio XI"},"content":{"rendered":"<div dir=\"ltr\">\n<div class=\"gmail_quote\">\n<div dir=\"ltr\">\n<div>Nas primeiras semanas de aula do Maternal, cada gesto \u00e9 uma grande conquista.<\/div>\n<div>Com carinho e acolhimento, as crian\u00e7as v\u00e3o se adaptando \u00e0 nova rotina, criando la\u00e7os, explorando os ambientes e descobrindo que a escola tamb\u00e9m \u00e9 um lugar de cuidado, seguran\u00e7a e felicidade.<\/div>\n<div>O registro desses momentos ficar\u00e1 guardado para sempre no cora\u00e7\u00e3o de cada crian\u00e7a e de cada fam\u00edlia, marcando o in\u00edcio de uma linda hist\u00f3ria.<br \/>\nSejam bem-vindas ao Pio XI, crian\u00e7as!<\/div>\n<div>ngg_shortcode_0_placeholder<\/div>\n<\/div>\n<\/div>\n<\/div>\n","protected":false},"excerpt":{"rendered":"<p>Nas primeiras semanas de aula do Maternal, cada gesto \u00e9 uma grande conquista. Com carinho e acolhimento, as crian\u00e7as v\u00e3o se adaptando \u00e0 nova rotina, criando la\u00e7os, explorando os ambientes e descobrindo que a escola tamb\u00e9m \u00e9 um lugar de cuidado, seguran\u00e7a e felicidade. O registro desses momentos ficar\u00e1 guardado para sempre no cora\u00e7\u00e3o de&#8230;<\/p>\n","protected":false},"author":4,"featured_media":34825,"comment_status":"closed","ping_status":"closed","sticky":false,"template":"","format":"standard","meta":{"_monsterinsights_skip_tracking":false,"_monsterinsights_sitenote_active":false,"_monsterinsights_sitenote_note":"","_monsterinsights_sitenote_category":0,"ngg_post_thumbnail":0,"footnotes":""},"categories":[110,88,82],"tags":[],"class_list":["post-34824","post","type-post","status-publish","format-standard","has-post-thumbnail","hentry","category-noticias-ano2026","category-ed-infantil","category-noticias"],"_links":{"self":[{"href":"https:\/\/redebeneditina.org.br\/pioxi\/wp-json\/wp\/v2\/posts\/34824","targetHints":{"allow":["GET"]}}],"collection":[{"href":"https:\/\/redebeneditina.org.br\/pioxi\/wp-json\/wp\/v2\/posts"}],"about":[{"href":"https:\/\/redebeneditina.org.br\/pioxi\/wp-json\/wp\/v2\/types\/post"}],"author":[{"embeddable":true,"href":"https:\/\/redebeneditina.org.br\/pioxi\/wp-json\/wp\/v2\/users\/4"}],"replies":[{"embeddable":true,"href":"https:\/\/redebeneditina.org.br\/pioxi\/wp-json\/wp\/v2\/comments?post=34824"}],"version-history":[{"count":1,"href":"https:\/\/redebeneditina.org.br\/pioxi\/wp-json\/wp\/v2\/posts\/34824\/revisions"}],"predecessor-version":[{"id":34868,"href":"https:\/\/redebeneditina.org.br\/pioxi\/wp-json\/wp\/v2\/posts\/34824\/revisions\/34868"}],"wp:featuredmedia":[{"embeddable":true,"href":"https:\/\/redebeneditina.org.br\/pioxi\/wp-json\/wp\/v2\/media\/34825"}],"wp:attachment":[{"href":"https:\/\/redebeneditina.org.br\/pioxi\/wp-json\/wp\/v2\/media?parent=34824"}],"wp:term":[{"taxonomy":"category","embeddable":true,"href":"https:\/\/redebeneditina.org.br\/pioxi\/wp-json\/wp\/v2\/categories?post=34824"},{"taxonomy":"post_tag","embeddable":true,"href":"https:\/\/redebeneditina.org.br\/pioxi\/wp-json\/wp\/v2\/tags?post=34824"}],"curies":[{"name":"wp","href":"https:\/\/api.w.org\/{rel}","templated":true}]}}