{"id":34869,"date":"2026-03-04T12:52:23","date_gmt":"2026-03-04T15:52:23","guid":{"rendered":"https:\/\/redebeneditina.org.br\/pioxi\/?p=34869"},"modified":"2026-03-04T12:52:23","modified_gmt":"2026-03-04T15:52:23","slug":"desenvolvimento-socioemocional-em-foco-no-1o-ano-do-instituto-pio-xi","status":"publish","type":"post","link":"https:\/\/redebeneditina.org.br\/pioxi\/desenvolvimento-socioemocional-em-foco-no-1o-ano-do-instituto-pio-xi\/","title":{"rendered":"Desenvolvimento Socioemocional em Foco no 1\u00ba Ano do Instituto Pio XI"},"content":{"rendered":"<p>As turmas do 1\u00ba ano vivenciam, de forma significativa, propostas voltadas ao desenvolvimento socioemocional, fortalecendo v\u00ednculos entre crian\u00e7as e professoras.<br \/>\nPor meio de rodas de conversa, intera\u00e7\u00f5es e din\u00e2micas, os alunos aprendem a reconhecer emo\u00e7\u00f5es, compreender o outro e perceber seu papel social e afetivo dentro e fora da escola.<br \/>\nEducar \u00e9 formar integralmente, com amor, escuta e valores.<\/p>\nngg_shortcode_0_placeholder\n","protected":false},"excerpt":{"rendered":"<p>As turmas do 1\u00ba ano vivenciam, de forma significativa, propostas voltadas ao desenvolvimento socioemocional, fortalecendo v\u00ednculos entre crian\u00e7as e professoras. Por meio de rodas de conversa, intera\u00e7\u00f5es e din\u00e2micas, os alunos aprendem a reconhecer emo\u00e7\u00f5es, compreender o outro e perceber seu papel social e afetivo dentro e fora da escola. Educar \u00e9 formar integralmente, com&#8230;<\/p>\n","protected":false},"author":4,"featured_media":34891,"comment_status":"closed","ping_status":"closed","sticky":false,"template":"","format":"standard","meta":{"_monsterinsights_skip_tracking":false,"_monsterinsights_sitenote_active":false,"_monsterinsights_sitenote_note":"","_monsterinsights_sitenote_category":0,"ngg_post_thumbnail":0,"footnotes":""},"categories":[110,89,82],"tags":[],"class_list":["post-34869","post","type-post","status-publish","format-standard","has-post-thumbnail","hentry","category-noticias-ano2026","category-ens-fund_i","category-noticias"],"_links":{"self":[{"href":"https:\/\/redebeneditina.org.br\/pioxi\/wp-json\/wp\/v2\/posts\/34869","targetHints":{"allow":["GET"]}}],"collection":[{"href":"https:\/\/redebeneditina.org.br\/pioxi\/wp-json\/wp\/v2\/posts"}],"about":[{"href":"https:\/\/redebeneditina.org.br\/pioxi\/wp-json\/wp\/v2\/types\/post"}],"author":[{"embeddable":true,"href":"https:\/\/redebeneditina.org.br\/pioxi\/wp-json\/wp\/v2\/users\/4"}],"replies":[{"embeddable":true,"href":"https:\/\/redebeneditina.org.br\/pioxi\/wp-json\/wp\/v2\/comments?post=34869"}],"version-history":[{"count":1,"href":"https:\/\/redebeneditina.org.br\/pioxi\/wp-json\/wp\/v2\/posts\/34869\/revisions"}],"predecessor-version":[{"id":34892,"href":"https:\/\/redebeneditina.org.br\/pioxi\/wp-json\/wp\/v2\/posts\/34869\/revisions\/34892"}],"wp:featuredmedia":[{"embeddable":true,"href":"https:\/\/redebeneditina.org.br\/pioxi\/wp-json\/wp\/v2\/media\/34891"}],"wp:attachment":[{"href":"https:\/\/redebeneditina.org.br\/pioxi\/wp-json\/wp\/v2\/media?parent=34869"}],"wp:term":[{"taxonomy":"category","embeddable":true,"href":"https:\/\/redebeneditina.org.br\/pioxi\/wp-json\/wp\/v2\/categories?post=34869"},{"taxonomy":"post_tag","embeddable":true,"href":"https:\/\/redebeneditina.org.br\/pioxi\/wp-json\/wp\/v2\/tags?post=34869"}],"curies":[{"name":"wp","href":"https:\/\/api.w.org\/{rel}","templated":true}]}}