{"id":34893,"date":"2026-03-04T12:59:25","date_gmt":"2026-03-04T15:59:25","guid":{"rendered":"https:\/\/redebeneditina.org.br\/pioxi\/?p=34893"},"modified":"2026-03-04T13:00:12","modified_gmt":"2026-03-04T16:00:12","slug":"capacitacao-com-a-zoom-educacao-digital-reforca-compromisso-com-a-inovacao-no-instituto-pio-xi","status":"publish","type":"post","link":"https:\/\/redebeneditina.org.br\/pioxi\/capacitacao-com-a-zoom-educacao-digital-reforca-compromisso-com-a-inovacao-no-instituto-pio-xi\/","title":{"rendered":"Capacita\u00e7\u00e3o com a Zoom Educa\u00e7\u00e3o Digital Refor\u00e7a Compromisso com a Inova\u00e7\u00e3o no Instituto Pio XI"},"content":{"rendered":"<div dir=\"ltr\">\n<div class=\"gmail_quote\">\n<div dir=\"ltr\">\n<div>\n<p>Investir na forma\u00e7\u00e3o cont\u00ednua dos nossos educadores \u00e9 um compromisso permanente da nossa escola. Por isso, as professoras da Educa\u00e7\u00e3o Infantil ao EF9 participaram de uma capacita\u00e7\u00e3o promovida pela empresa&nbsp;Zoom Educa\u00e7\u00e3o Digital, parceira no desenvolvimento das aulas de Educa\u00e7\u00e3o Digital.<\/p>\n<p>O encontro foi um momento rico de aprendizado, troca de experi\u00eancias e aprofundamento nas ferramentas e propostas pedag\u00f3gicas que ser\u00e3o aplicadas em sala de aula ao longo do ano. A forma\u00e7\u00e3o teve como foco o uso consciente e significativo da tecnologia, alinhando inova\u00e7\u00e3o, metodologia e intencionalidade pedag\u00f3gica.<\/p>\nngg_shortcode_0_placeholder<\/div>\n<\/div>\n<\/div>\n<\/div>\n","protected":false},"excerpt":{"rendered":"<p>Investir na forma\u00e7\u00e3o cont\u00ednua dos nossos educadores \u00e9 um compromisso permanente da nossa escola. Por isso, as professoras da Educa\u00e7\u00e3o Infantil ao EF9 participaram de uma capacita\u00e7\u00e3o promovida pela empresa&nbsp;Zoom Educa\u00e7\u00e3o Digital, parceira no desenvolvimento das aulas de Educa\u00e7\u00e3o Digital. O encontro foi um momento rico de aprendizado, troca de experi\u00eancias e aprofundamento nas ferramentas&#8230;<\/p>\n","protected":false},"author":4,"featured_media":34898,"comment_status":"closed","ping_status":"closed","sticky":false,"template":"","format":"standard","meta":{"_monsterinsights_skip_tracking":false,"_monsterinsights_sitenote_active":false,"_monsterinsights_sitenote_note":"","_monsterinsights_sitenote_category":0,"ngg_post_thumbnail":0,"footnotes":""},"categories":[110,88,89,90,82],"tags":[],"class_list":["post-34893","post","type-post","status-publish","format-standard","has-post-thumbnail","hentry","category-noticias-ano2026","category-ed-infantil","category-ens-fund_i","category-ens-fund_ii","category-noticias"],"_links":{"self":[{"href":"https:\/\/redebeneditina.org.br\/pioxi\/wp-json\/wp\/v2\/posts\/34893","targetHints":{"allow":["GET"]}}],"collection":[{"href":"https:\/\/redebeneditina.org.br\/pioxi\/wp-json\/wp\/v2\/posts"}],"about":[{"href":"https:\/\/redebeneditina.org.br\/pioxi\/wp-json\/wp\/v2\/types\/post"}],"author":[{"embeddable":true,"href":"https:\/\/redebeneditina.org.br\/pioxi\/wp-json\/wp\/v2\/users\/4"}],"replies":[{"embeddable":true,"href":"https:\/\/redebeneditina.org.br\/pioxi\/wp-json\/wp\/v2\/comments?post=34893"}],"version-history":[{"count":1,"href":"https:\/\/redebeneditina.org.br\/pioxi\/wp-json\/wp\/v2\/posts\/34893\/revisions"}],"predecessor-version":[{"id":34905,"href":"https:\/\/redebeneditina.org.br\/pioxi\/wp-json\/wp\/v2\/posts\/34893\/revisions\/34905"}],"wp:featuredmedia":[{"embeddable":true,"href":"https:\/\/redebeneditina.org.br\/pioxi\/wp-json\/wp\/v2\/media\/34898"}],"wp:attachment":[{"href":"https:\/\/redebeneditina.org.br\/pioxi\/wp-json\/wp\/v2\/media?parent=34893"}],"wp:term":[{"taxonomy":"category","embeddable":true,"href":"https:\/\/redebeneditina.org.br\/pioxi\/wp-json\/wp\/v2\/categories?post=34893"},{"taxonomy":"post_tag","embeddable":true,"href":"https:\/\/redebeneditina.org.br\/pioxi\/wp-json\/wp\/v2\/tags?post=34893"}],"curies":[{"name":"wp","href":"https:\/\/api.w.org\/{rel}","templated":true}]}}