{"id":34921,"date":"2026-03-04T13:06:32","date_gmt":"2026-03-04T16:06:32","guid":{"rendered":"https:\/\/redebeneditina.org.br\/pioxi\/?p=34921"},"modified":"2026-03-04T13:06:32","modified_gmt":"2026-03-04T16:06:32","slug":"aniversario-do-rio-de-janeiro-com-as-turmas-do-pre-1-e-pre-2","status":"publish","type":"post","link":"https:\/\/redebeneditina.org.br\/pioxi\/aniversario-do-rio-de-janeiro-com-as-turmas-do-pre-1-e-pre-2\/","title":{"rendered":"Anivers\u00e1rio do Rio de Janeiro com as turmas do Pr\u00e9 1 e Pr\u00e9 2"},"content":{"rendered":"<div dir=\"ltr\">\n<div class=\"gmail_quote\">\n<div dir=\"ltr\">\n<div>Para celebrar o anivers\u00e1rio do Rio de Janeito, as turmas do Maternal 1 e Maternal 2 se caracterizaram como vendedores de Mate, valorizando uma tradi\u00e7\u00e3o t\u00edpica das praias cariocas.<br \/>\nAs turmas do Pr\u00e9 1 e Pr\u00e9 2 confeccionaram viseiras e ventarolas para representar o clima alegre e ensolarado da nossa cidade.<\/div>\n<div>ngg_shortcode_0_placeholder<\/div>\n<\/div>\n<\/div>\n<\/div>\n","protected":false},"excerpt":{"rendered":"<p>Para celebrar o anivers\u00e1rio do Rio de Janeito, as turmas do Maternal 1 e Maternal 2 se caracterizaram como vendedores de Mate, valorizando uma tradi\u00e7\u00e3o t\u00edpica das praias cariocas. As turmas do Pr\u00e9 1 e Pr\u00e9 2 confeccionaram viseiras e ventarolas para representar o clima alegre e ensolarado da nossa cidade.<\/p>\n","protected":false},"author":4,"featured_media":34927,"comment_status":"closed","ping_status":"closed","sticky":false,"template":"","format":"standard","meta":{"_monsterinsights_skip_tracking":false,"_monsterinsights_sitenote_active":false,"_monsterinsights_sitenote_note":"","_monsterinsights_sitenote_category":0,"ngg_post_thumbnail":0,"footnotes":""},"categories":[110,88,82],"tags":[],"class_list":["post-34921","post","type-post","status-publish","format-standard","has-post-thumbnail","hentry","category-noticias-ano2026","category-ed-infantil","category-noticias"],"_links":{"self":[{"href":"https:\/\/redebeneditina.org.br\/pioxi\/wp-json\/wp\/v2\/posts\/34921","targetHints":{"allow":["GET"]}}],"collection":[{"href":"https:\/\/redebeneditina.org.br\/pioxi\/wp-json\/wp\/v2\/posts"}],"about":[{"href":"https:\/\/redebeneditina.org.br\/pioxi\/wp-json\/wp\/v2\/types\/post"}],"author":[{"embeddable":true,"href":"https:\/\/redebeneditina.org.br\/pioxi\/wp-json\/wp\/v2\/users\/4"}],"replies":[{"embeddable":true,"href":"https:\/\/redebeneditina.org.br\/pioxi\/wp-json\/wp\/v2\/comments?post=34921"}],"version-history":[{"count":1,"href":"https:\/\/redebeneditina.org.br\/pioxi\/wp-json\/wp\/v2\/posts\/34921\/revisions"}],"predecessor-version":[{"id":34935,"href":"https:\/\/redebeneditina.org.br\/pioxi\/wp-json\/wp\/v2\/posts\/34921\/revisions\/34935"}],"wp:featuredmedia":[{"embeddable":true,"href":"https:\/\/redebeneditina.org.br\/pioxi\/wp-json\/wp\/v2\/media\/34927"}],"wp:attachment":[{"href":"https:\/\/redebeneditina.org.br\/pioxi\/wp-json\/wp\/v2\/media?parent=34921"}],"wp:term":[{"taxonomy":"category","embeddable":true,"href":"https:\/\/redebeneditina.org.br\/pioxi\/wp-json\/wp\/v2\/categories?post=34921"},{"taxonomy":"post_tag","embeddable":true,"href":"https:\/\/redebeneditina.org.br\/pioxi\/wp-json\/wp\/v2\/tags?post=34921"}],"curies":[{"name":"wp","href":"https:\/\/api.w.org\/{rel}","templated":true}]}}