{"id":34977,"date":"2026-03-10T11:01:24","date_gmt":"2026-03-10T14:01:24","guid":{"rendered":"https:\/\/redebeneditina.org.br\/pioxi\/?p=34977"},"modified":"2026-03-11T11:04:37","modified_gmt":"2026-03-11T14:04:37","slug":"carinho-e-homenagem-as-mulheres-na-ed-infantil","status":"publish","type":"post","link":"https:\/\/redebeneditina.org.br\/pioxi\/carinho-e-homenagem-as-mulheres-na-ed-infantil\/","title":{"rendered":"Carinho e homenagem \u00e0s Mulheres na Ed. Infantil"},"content":{"rendered":"<p>Os alunos da Educa\u00e7\u00e3o Infantil confeccionaram lindos vasos de flores em homenagem ao Dia Internacional da Mulher, celebrando com carinho e criatividade essa data especial.<\/p>\nngg_shortcode_0_placeholder\n","protected":false},"excerpt":{"rendered":"<p>Os alunos da Educa\u00e7\u00e3o Infantil confeccionaram lindos vasos de flores em homenagem ao Dia Internacional da Mulher, celebrando com carinho e criatividade essa data especial.<\/p>\n","protected":false},"author":4,"featured_media":34979,"comment_status":"closed","ping_status":"closed","sticky":false,"template":"","format":"standard","meta":{"_monsterinsights_skip_tracking":false,"_monsterinsights_sitenote_active":false,"_monsterinsights_sitenote_note":"","_monsterinsights_sitenote_category":0,"ngg_post_thumbnail":0,"footnotes":""},"categories":[110,88,82],"tags":[],"class_list":["post-34977","post","type-post","status-publish","format-standard","has-post-thumbnail","hentry","category-noticias-ano2026","category-ed-infantil","category-noticias"],"_links":{"self":[{"href":"https:\/\/redebeneditina.org.br\/pioxi\/wp-json\/wp\/v2\/posts\/34977","targetHints":{"allow":["GET"]}}],"collection":[{"href":"https:\/\/redebeneditina.org.br\/pioxi\/wp-json\/wp\/v2\/posts"}],"about":[{"href":"https:\/\/redebeneditina.org.br\/pioxi\/wp-json\/wp\/v2\/types\/post"}],"author":[{"embeddable":true,"href":"https:\/\/redebeneditina.org.br\/pioxi\/wp-json\/wp\/v2\/users\/4"}],"replies":[{"embeddable":true,"href":"https:\/\/redebeneditina.org.br\/pioxi\/wp-json\/wp\/v2\/comments?post=34977"}],"version-history":[{"count":1,"href":"https:\/\/redebeneditina.org.br\/pioxi\/wp-json\/wp\/v2\/posts\/34977\/revisions"}],"predecessor-version":[{"id":34985,"href":"https:\/\/redebeneditina.org.br\/pioxi\/wp-json\/wp\/v2\/posts\/34977\/revisions\/34985"}],"wp:featuredmedia":[{"embeddable":true,"href":"https:\/\/redebeneditina.org.br\/pioxi\/wp-json\/wp\/v2\/media\/34979"}],"wp:attachment":[{"href":"https:\/\/redebeneditina.org.br\/pioxi\/wp-json\/wp\/v2\/media?parent=34977"}],"wp:term":[{"taxonomy":"category","embeddable":true,"href":"https:\/\/redebeneditina.org.br\/pioxi\/wp-json\/wp\/v2\/categories?post=34977"},{"taxonomy":"post_tag","embeddable":true,"href":"https:\/\/redebeneditina.org.br\/pioxi\/wp-json\/wp\/v2\/tags?post=34977"}],"curies":[{"name":"wp","href":"https:\/\/api.w.org\/{rel}","templated":true}]}}