{"id":34986,"date":"2026-03-11T11:07:43","date_gmt":"2026-03-11T14:07:43","guid":{"rendered":"https:\/\/redebeneditina.org.br\/pioxi\/?p=34986"},"modified":"2026-03-11T11:07:43","modified_gmt":"2026-03-11T14:07:43","slug":"brincando-e-aprendendo-revisando-as-vogais-no-pre-2","status":"publish","type":"post","link":"https:\/\/redebeneditina.org.br\/pioxi\/brincando-e-aprendendo-revisando-as-vogais-no-pre-2\/","title":{"rendered":"Brincando e aprendendo: revisando as vogais no Pr\u00e9 2"},"content":{"rendered":"<p>Os alunos do Pr\u00e9 2, orientados pela professora Gabriella, revisaram as vogais por meio de um jogo da mem\u00f3ria em grupo e da m\u00fasica dos encontros voc\u00e1licos, pulando nos bambol\u00eas conforme os sons falados pela professora. Foi um momento de aprendizagem, m\u00fasica e divers\u00e3o.<\/p>\nngg_shortcode_0_placeholder\n","protected":false},"excerpt":{"rendered":"<p>Os alunos do Pr\u00e9 2, orientados pela professora Gabriella, revisaram as vogais por meio de um jogo da mem\u00f3ria em grupo e da m\u00fasica dos encontros voc\u00e1licos, pulando nos bambol\u00eas conforme os sons falados pela professora. Foi um momento de aprendizagem, m\u00fasica e divers\u00e3o.<\/p>\n","protected":false},"author":4,"featured_media":34991,"comment_status":"closed","ping_status":"closed","sticky":false,"template":"","format":"standard","meta":{"_monsterinsights_skip_tracking":false,"_monsterinsights_sitenote_active":false,"_monsterinsights_sitenote_note":"","_monsterinsights_sitenote_category":0,"ngg_post_thumbnail":0,"footnotes":""},"categories":[110,88,82],"tags":[],"class_list":["post-34986","post","type-post","status-publish","format-standard","has-post-thumbnail","hentry","category-noticias-ano2026","category-ed-infantil","category-noticias"],"_links":{"self":[{"href":"https:\/\/redebeneditina.org.br\/pioxi\/wp-json\/wp\/v2\/posts\/34986","targetHints":{"allow":["GET"]}}],"collection":[{"href":"https:\/\/redebeneditina.org.br\/pioxi\/wp-json\/wp\/v2\/posts"}],"about":[{"href":"https:\/\/redebeneditina.org.br\/pioxi\/wp-json\/wp\/v2\/types\/post"}],"author":[{"embeddable":true,"href":"https:\/\/redebeneditina.org.br\/pioxi\/wp-json\/wp\/v2\/users\/4"}],"replies":[{"embeddable":true,"href":"https:\/\/redebeneditina.org.br\/pioxi\/wp-json\/wp\/v2\/comments?post=34986"}],"version-history":[{"count":1,"href":"https:\/\/redebeneditina.org.br\/pioxi\/wp-json\/wp\/v2\/posts\/34986\/revisions"}],"predecessor-version":[{"id":35008,"href":"https:\/\/redebeneditina.org.br\/pioxi\/wp-json\/wp\/v2\/posts\/34986\/revisions\/35008"}],"wp:featuredmedia":[{"embeddable":true,"href":"https:\/\/redebeneditina.org.br\/pioxi\/wp-json\/wp\/v2\/media\/34991"}],"wp:attachment":[{"href":"https:\/\/redebeneditina.org.br\/pioxi\/wp-json\/wp\/v2\/media?parent=34986"}],"wp:term":[{"taxonomy":"category","embeddable":true,"href":"https:\/\/redebeneditina.org.br\/pioxi\/wp-json\/wp\/v2\/categories?post=34986"},{"taxonomy":"post_tag","embeddable":true,"href":"https:\/\/redebeneditina.org.br\/pioxi\/wp-json\/wp\/v2\/tags?post=34986"}],"curies":[{"name":"wp","href":"https:\/\/api.w.org\/{rel}","templated":true}]}}