{"id":35019,"date":"2026-03-13T15:37:47","date_gmt":"2026-03-13T18:37:47","guid":{"rendered":"https:\/\/redebeneditina.org.br\/pioxi\/?p=35019"},"modified":"2026-03-13T15:37:47","modified_gmt":"2026-03-13T18:37:47","slug":"4o-ano-explora-o-material-coletivo-de-educacao-digital","status":"publish","type":"post","link":"https:\/\/redebeneditina.org.br\/pioxi\/4o-ano-explora-o-material-coletivo-de-educacao-digital\/","title":{"rendered":"4\u00ba ano explora o material coletivo de Educa\u00e7\u00e3o Digital"},"content":{"rendered":"<p>Os alunos do 4\u00ba ano tiveram seu primeiro contato com o material coletivo de Educa\u00e7\u00e3o Digital. Nesta aula, exploraram as pe\u00e7as com curiosidade e entusiasmo, iniciando uma jornada de descobertas.<\/p>\nngg_shortcode_0_placeholder\n","protected":false},"excerpt":{"rendered":"<p>Os alunos do 4\u00ba ano tiveram seu primeiro contato com o material coletivo de Educa\u00e7\u00e3o Digital. Nesta aula, exploraram as pe\u00e7as com curiosidade e entusiasmo, iniciando uma jornada de descobertas.<\/p>\n","protected":false},"author":4,"featured_media":35025,"comment_status":"closed","ping_status":"closed","sticky":false,"template":"","format":"standard","meta":{"_monsterinsights_skip_tracking":false,"_monsterinsights_sitenote_active":false,"_monsterinsights_sitenote_note":"","_monsterinsights_sitenote_category":0,"ngg_post_thumbnail":0,"footnotes":""},"categories":[110,89,82],"tags":[],"class_list":["post-35019","post","type-post","status-publish","format-standard","has-post-thumbnail","hentry","category-noticias-ano2026","category-ens-fund_i","category-noticias"],"_links":{"self":[{"href":"https:\/\/redebeneditina.org.br\/pioxi\/wp-json\/wp\/v2\/posts\/35019","targetHints":{"allow":["GET"]}}],"collection":[{"href":"https:\/\/redebeneditina.org.br\/pioxi\/wp-json\/wp\/v2\/posts"}],"about":[{"href":"https:\/\/redebeneditina.org.br\/pioxi\/wp-json\/wp\/v2\/types\/post"}],"author":[{"embeddable":true,"href":"https:\/\/redebeneditina.org.br\/pioxi\/wp-json\/wp\/v2\/users\/4"}],"replies":[{"embeddable":true,"href":"https:\/\/redebeneditina.org.br\/pioxi\/wp-json\/wp\/v2\/comments?post=35019"}],"version-history":[{"count":1,"href":"https:\/\/redebeneditina.org.br\/pioxi\/wp-json\/wp\/v2\/posts\/35019\/revisions"}],"predecessor-version":[{"id":35033,"href":"https:\/\/redebeneditina.org.br\/pioxi\/wp-json\/wp\/v2\/posts\/35019\/revisions\/35033"}],"wp:featuredmedia":[{"embeddable":true,"href":"https:\/\/redebeneditina.org.br\/pioxi\/wp-json\/wp\/v2\/media\/35025"}],"wp:attachment":[{"href":"https:\/\/redebeneditina.org.br\/pioxi\/wp-json\/wp\/v2\/media?parent=35019"}],"wp:term":[{"taxonomy":"category","embeddable":true,"href":"https:\/\/redebeneditina.org.br\/pioxi\/wp-json\/wp\/v2\/categories?post=35019"},{"taxonomy":"post_tag","embeddable":true,"href":"https:\/\/redebeneditina.org.br\/pioxi\/wp-json\/wp\/v2\/tags?post=35019"}],"curies":[{"name":"wp","href":"https:\/\/api.w.org\/{rel}","templated":true}]}}