{"id":35034,"date":"2026-03-13T15:41:54","date_gmt":"2026-03-13T18:41:54","guid":{"rendered":"https:\/\/redebeneditina.org.br\/pioxi\/?p=35034"},"modified":"2026-03-13T15:41:54","modified_gmt":"2026-03-13T18:41:54","slug":"educacao-infantil-vive-momento-de-imaginacao-e-aprendizado-na-biblioteca","status":"publish","type":"post","link":"https:\/\/redebeneditina.org.br\/pioxi\/educacao-infantil-vive-momento-de-imaginacao-e-aprendizado-na-biblioteca\/","title":{"rendered":"Educa\u00e7\u00e3o Infantil vive momento de imagina\u00e7\u00e3o e aprendizado na biblioteca"},"content":{"rendered":"<p>A visita da Educa\u00e7\u00e3o Infantil \u00e0 biblioteca contou com a conta\u00e7\u00e3o da hist\u00f3ria \u201cQuem pegou o p\u00e3o na casa do Jo\u00e3o?\u201d, trabalhando a musicalidade e o envolvimento dos alunos com a narrativa.<\/p>\n<p>Ap\u00f3s a conta\u00e7\u00e3o, foi realizada a din\u00e2mica \u201cStoryCubes\u201d, utilizando dados com elementos que incentivaram os alunos a criarem hist\u00f3rias a partir das imagens apresentadas.<\/p>\n<p>Um momento de aprendizado, imagina\u00e7\u00e3o, conhecimento e partilha.<\/p>\nngg_shortcode_0_placeholder\n","protected":false},"excerpt":{"rendered":"<p>A visita da Educa\u00e7\u00e3o Infantil \u00e0 biblioteca contou com a conta\u00e7\u00e3o da hist\u00f3ria \u201cQuem pegou o p\u00e3o na casa do Jo\u00e3o?\u201d, trabalhando a musicalidade e o envolvimento dos alunos com a narrativa. Ap\u00f3s a conta\u00e7\u00e3o, foi realizada a din\u00e2mica \u201cStoryCubes\u201d, utilizando dados com elementos que incentivaram os alunos a criarem hist\u00f3rias a partir das imagens&#8230;<\/p>\n","protected":false},"author":4,"featured_media":35040,"comment_status":"closed","ping_status":"closed","sticky":false,"template":"","format":"standard","meta":{"_monsterinsights_skip_tracking":false,"_monsterinsights_sitenote_active":false,"_monsterinsights_sitenote_note":"","_monsterinsights_sitenote_category":0,"ngg_post_thumbnail":0,"footnotes":""},"categories":[110,88,82],"tags":[],"class_list":["post-35034","post","type-post","status-publish","format-standard","has-post-thumbnail","hentry","category-noticias-ano2026","category-ed-infantil","category-noticias"],"_links":{"self":[{"href":"https:\/\/redebeneditina.org.br\/pioxi\/wp-json\/wp\/v2\/posts\/35034","targetHints":{"allow":["GET"]}}],"collection":[{"href":"https:\/\/redebeneditina.org.br\/pioxi\/wp-json\/wp\/v2\/posts"}],"about":[{"href":"https:\/\/redebeneditina.org.br\/pioxi\/wp-json\/wp\/v2\/types\/post"}],"author":[{"embeddable":true,"href":"https:\/\/redebeneditina.org.br\/pioxi\/wp-json\/wp\/v2\/users\/4"}],"replies":[{"embeddable":true,"href":"https:\/\/redebeneditina.org.br\/pioxi\/wp-json\/wp\/v2\/comments?post=35034"}],"version-history":[{"count":1,"href":"https:\/\/redebeneditina.org.br\/pioxi\/wp-json\/wp\/v2\/posts\/35034\/revisions"}],"predecessor-version":[{"id":35048,"href":"https:\/\/redebeneditina.org.br\/pioxi\/wp-json\/wp\/v2\/posts\/35034\/revisions\/35048"}],"wp:featuredmedia":[{"embeddable":true,"href":"https:\/\/redebeneditina.org.br\/pioxi\/wp-json\/wp\/v2\/media\/35040"}],"wp:attachment":[{"href":"https:\/\/redebeneditina.org.br\/pioxi\/wp-json\/wp\/v2\/media?parent=35034"}],"wp:term":[{"taxonomy":"category","embeddable":true,"href":"https:\/\/redebeneditina.org.br\/pioxi\/wp-json\/wp\/v2\/categories?post=35034"},{"taxonomy":"post_tag","embeddable":true,"href":"https:\/\/redebeneditina.org.br\/pioxi\/wp-json\/wp\/v2\/tags?post=35034"}],"curies":[{"name":"wp","href":"https:\/\/api.w.org\/{rel}","templated":true}]}}