{"id":35049,"date":"2026-03-13T15:44:29","date_gmt":"2026-03-13T18:44:29","guid":{"rendered":"https:\/\/redebeneditina.org.br\/pioxi\/?p=35049"},"modified":"2026-03-13T15:44:46","modified_gmt":"2026-03-13T18:44:46","slug":"turma-do-maternal-vive-momento-de-oracao-no-patio-da-escola","status":"publish","type":"post","link":"https:\/\/redebeneditina.org.br\/pioxi\/turma-do-maternal-vive-momento-de-oracao-no-patio-da-escola\/","title":{"rendered":"Turma do Maternal vive momento de ora\u00e7\u00e3o no p\u00e1tio da escola"},"content":{"rendered":"<p>A turma do Maternal est\u00e1, a cada dia, mais adaptada e feliz no ambiente escolar. Com muita alegria, nossos pequenos participaram do momento de ora\u00e7\u00e3o no p\u00e1tio da nossa &nbsp;escola, um instante especial de agradecimento e uni\u00e3o.<\/p>\n<p>Que Deus aben\u00e7oe e cuide sempre dessa turma linda!<\/p>\n","protected":false},"excerpt":{"rendered":"<p>A turma do Maternal est\u00e1, a cada dia, mais adaptada e feliz no ambiente escolar. Com muita alegria, nossos pequenos participaram do momento de ora\u00e7\u00e3o no p\u00e1tio da nossa &nbsp;escola, um instante especial de agradecimento e uni\u00e3o. Que Deus aben\u00e7oe e cuide sempre dessa turma linda!<\/p>\n","protected":false},"author":4,"featured_media":35050,"comment_status":"closed","ping_status":"closed","sticky":false,"template":"","format":"standard","meta":{"_monsterinsights_skip_tracking":false,"_monsterinsights_sitenote_active":false,"_monsterinsights_sitenote_note":"","_monsterinsights_sitenote_category":0,"ngg_post_thumbnail":0,"footnotes":""},"categories":[110,88,82,95],"tags":[],"class_list":["post-35049","post","type-post","status-publish","format-standard","has-post-thumbnail","hentry","category-noticias-ano2026","category-ed-infantil","category-noticias","category-pastoral-escolar"],"_links":{"self":[{"href":"https:\/\/redebeneditina.org.br\/pioxi\/wp-json\/wp\/v2\/posts\/35049","targetHints":{"allow":["GET"]}}],"collection":[{"href":"https:\/\/redebeneditina.org.br\/pioxi\/wp-json\/wp\/v2\/posts"}],"about":[{"href":"https:\/\/redebeneditina.org.br\/pioxi\/wp-json\/wp\/v2\/types\/post"}],"author":[{"embeddable":true,"href":"https:\/\/redebeneditina.org.br\/pioxi\/wp-json\/wp\/v2\/users\/4"}],"replies":[{"embeddable":true,"href":"https:\/\/redebeneditina.org.br\/pioxi\/wp-json\/wp\/v2\/comments?post=35049"}],"version-history":[{"count":1,"href":"https:\/\/redebeneditina.org.br\/pioxi\/wp-json\/wp\/v2\/posts\/35049\/revisions"}],"predecessor-version":[{"id":35051,"href":"https:\/\/redebeneditina.org.br\/pioxi\/wp-json\/wp\/v2\/posts\/35049\/revisions\/35051"}],"wp:featuredmedia":[{"embeddable":true,"href":"https:\/\/redebeneditina.org.br\/pioxi\/wp-json\/wp\/v2\/media\/35050"}],"wp:attachment":[{"href":"https:\/\/redebeneditina.org.br\/pioxi\/wp-json\/wp\/v2\/media?parent=35049"}],"wp:term":[{"taxonomy":"category","embeddable":true,"href":"https:\/\/redebeneditina.org.br\/pioxi\/wp-json\/wp\/v2\/categories?post=35049"},{"taxonomy":"post_tag","embeddable":true,"href":"https:\/\/redebeneditina.org.br\/pioxi\/wp-json\/wp\/v2\/tags?post=35049"}],"curies":[{"name":"wp","href":"https:\/\/api.w.org\/{rel}","templated":true}]}}