{"id":36242,"date":"2026-04-27T09:13:48","date_gmt":"2026-04-27T12:13:48","guid":{"rendered":"https:\/\/redebeneditina.org.br\/pioxi\/?p=36242"},"modified":"2026-04-27T09:13:48","modified_gmt":"2026-04-27T12:13:48","slug":"explorando-o-microscopico-6o-ano-vivencia-aula-pratica-de-ciencias","status":"publish","type":"post","link":"https:\/\/redebeneditina.org.br\/pioxi\/explorando-o-microscopico-6o-ano-vivencia-aula-pratica-de-ciencias\/","title":{"rendered":"Explorando o microsc\u00f3pico: 6\u00ba ano vivencia aula pr\u00e1tica de Ci\u00eancias"},"content":{"rendered":"<p>\u201cViagem ao Invis\u00edvel: explorando o mundo das c\u00e9lulas!\u201d<\/p>\n<p>Os alunos do 6\u00ba ano viveram uma experi\u00eancia fascinante na aula de Ci\u00eancias, diretamente da sala de Ci\u00eancias da Natureza!<\/p>\n<p>Utilizando o microsc\u00f3pio, eles mergulharam em um universo que n\u00e3o conseguimos ver a olho nu: a c\u00e9lula da cebola . Foi o primeiro contato com um mundo microsc\u00f3pico cheio de detalhes, formas e descobertas surpreendentes!<\/p>\n<p>A cada nova observa\u00e7\u00e3o, surgiam olhares curiosos, perguntas e aquele encanto de perceber que existe toda uma estrutura invis\u00edvel por tr\u00e1s de algo t\u00e3o simples do nosso dia a dia.<\/p>\n<p>Mais do que aprender sobre c\u00e9lulas, os alunos experimentaram a ci\u00eancia de verdade \u2014 investigando, observando e construindo conhecimento com as pr\u00f3prias descobertas.<\/p>\nngg_shortcode_0_placeholder\n","protected":false},"excerpt":{"rendered":"<p>\u201cViagem ao Invis\u00edvel: explorando o mundo das c\u00e9lulas!\u201d Os alunos do 6\u00ba ano viveram uma experi\u00eancia fascinante na aula de Ci\u00eancias, diretamente da sala de Ci\u00eancias da Natureza! Utilizando o microsc\u00f3pio, eles mergulharam em um universo que n\u00e3o conseguimos ver a olho nu: a c\u00e9lula da cebola . Foi o primeiro contato com um mundo&#8230;<\/p>\n","protected":false},"author":4,"featured_media":36249,"comment_status":"closed","ping_status":"closed","sticky":false,"template":"","format":"standard","meta":{"_monsterinsights_skip_tracking":false,"_monsterinsights_sitenote_active":false,"_monsterinsights_sitenote_note":"","_monsterinsights_sitenote_category":0,"ngg_post_thumbnail":0,"footnotes":""},"categories":[110,90,82],"tags":[],"class_list":["post-36242","post","type-post","status-publish","format-standard","has-post-thumbnail","hentry","category-noticias-ano2026","category-ens-fund_ii","category-noticias"],"_links":{"self":[{"href":"https:\/\/redebeneditina.org.br\/pioxi\/wp-json\/wp\/v2\/posts\/36242","targetHints":{"allow":["GET"]}}],"collection":[{"href":"https:\/\/redebeneditina.org.br\/pioxi\/wp-json\/wp\/v2\/posts"}],"about":[{"href":"https:\/\/redebeneditina.org.br\/pioxi\/wp-json\/wp\/v2\/types\/post"}],"author":[{"embeddable":true,"href":"https:\/\/redebeneditina.org.br\/pioxi\/wp-json\/wp\/v2\/users\/4"}],"replies":[{"embeddable":true,"href":"https:\/\/redebeneditina.org.br\/pioxi\/wp-json\/wp\/v2\/comments?post=36242"}],"version-history":[{"count":1,"href":"https:\/\/redebeneditina.org.br\/pioxi\/wp-json\/wp\/v2\/posts\/36242\/revisions"}],"predecessor-version":[{"id":36266,"href":"https:\/\/redebeneditina.org.br\/pioxi\/wp-json\/wp\/v2\/posts\/36242\/revisions\/36266"}],"wp:featuredmedia":[{"embeddable":true,"href":"https:\/\/redebeneditina.org.br\/pioxi\/wp-json\/wp\/v2\/media\/36249"}],"wp:attachment":[{"href":"https:\/\/redebeneditina.org.br\/pioxi\/wp-json\/wp\/v2\/media?parent=36242"}],"wp:term":[{"taxonomy":"category","embeddable":true,"href":"https:\/\/redebeneditina.org.br\/pioxi\/wp-json\/wp\/v2\/categories?post=36242"},{"taxonomy":"post_tag","embeddable":true,"href":"https:\/\/redebeneditina.org.br\/pioxi\/wp-json\/wp\/v2\/tags?post=36242"}],"curies":[{"name":"wp","href":"https:\/\/api.w.org\/{rel}","templated":true}]}}