{"id":36267,"date":"2026-04-27T09:18:26","date_gmt":"2026-04-27T12:18:26","guid":{"rendered":"https:\/\/redebeneditina.org.br\/pioxi\/?p=36267"},"modified":"2026-04-27T09:18:26","modified_gmt":"2026-04-27T12:18:26","slug":"educacao-infantil-promove-vivencias-de-empatia-e-amizade-no-combate-ao-bullying","status":"publish","type":"post","link":"https:\/\/redebeneditina.org.br\/pioxi\/educacao-infantil-promove-vivencias-de-empatia-e-amizade-no-combate-ao-bullying\/","title":{"rendered":"Educa\u00e7\u00e3o Infantil promove viv\u00eancias de empatia e amizade no combate ao bullying"},"content":{"rendered":"<p>As turmas da Educa\u00e7\u00e3o Infantil est\u00e3o participando de viv\u00eancias significativas sobre o tema bullying. De forma l\u00fadica e acolhedora, as crian\u00e7as s\u00e3o estimuladas a refletirem sobre a import\u00e2ncia do respeito, da empatia e da amizade nas rela\u00e7\u00f5es do dia a dia.<\/p>\n<p>Em um momento especial de roda, realizamos a troca das \u201cMedalhas do Amigo do Cora\u00e7\u00e3o\u201d, proporcionando \u00e0s crian\u00e7as uma experi\u00eancia repleta de carinho, afeto e valoriza\u00e7\u00e3o dos colegas.<\/p>\n<p>Seguimos, com sensibilidade e cuidado, incentivando atitudes de gentileza e construindo, juntos, um ambiente cada vez mais acolhedor e cheio de amor.<\/p>\nngg_shortcode_0_placeholder\n","protected":false},"excerpt":{"rendered":"<p>As turmas da Educa\u00e7\u00e3o Infantil est\u00e3o participando de viv\u00eancias significativas sobre o tema bullying. De forma l\u00fadica e acolhedora, as crian\u00e7as s\u00e3o estimuladas a refletirem sobre a import\u00e2ncia do respeito, da empatia e da amizade nas rela\u00e7\u00f5es do dia a dia. Em um momento especial de roda, realizamos a troca das \u201cMedalhas do Amigo do&#8230;<\/p>\n","protected":false},"author":4,"featured_media":36275,"comment_status":"closed","ping_status":"closed","sticky":false,"template":"","format":"standard","meta":{"_monsterinsights_skip_tracking":false,"_monsterinsights_sitenote_active":false,"_monsterinsights_sitenote_note":"","_monsterinsights_sitenote_category":0,"ngg_post_thumbnail":0,"footnotes":""},"categories":[110,88,82],"tags":[],"class_list":["post-36267","post","type-post","status-publish","format-standard","has-post-thumbnail","hentry","category-noticias-ano2026","category-ed-infantil","category-noticias"],"_links":{"self":[{"href":"https:\/\/redebeneditina.org.br\/pioxi\/wp-json\/wp\/v2\/posts\/36267","targetHints":{"allow":["GET"]}}],"collection":[{"href":"https:\/\/redebeneditina.org.br\/pioxi\/wp-json\/wp\/v2\/posts"}],"about":[{"href":"https:\/\/redebeneditina.org.br\/pioxi\/wp-json\/wp\/v2\/types\/post"}],"author":[{"embeddable":true,"href":"https:\/\/redebeneditina.org.br\/pioxi\/wp-json\/wp\/v2\/users\/4"}],"replies":[{"embeddable":true,"href":"https:\/\/redebeneditina.org.br\/pioxi\/wp-json\/wp\/v2\/comments?post=36267"}],"version-history":[{"count":1,"href":"https:\/\/redebeneditina.org.br\/pioxi\/wp-json\/wp\/v2\/posts\/36267\/revisions"}],"predecessor-version":[{"id":36285,"href":"https:\/\/redebeneditina.org.br\/pioxi\/wp-json\/wp\/v2\/posts\/36267\/revisions\/36285"}],"wp:featuredmedia":[{"embeddable":true,"href":"https:\/\/redebeneditina.org.br\/pioxi\/wp-json\/wp\/v2\/media\/36275"}],"wp:attachment":[{"href":"https:\/\/redebeneditina.org.br\/pioxi\/wp-json\/wp\/v2\/media?parent=36267"}],"wp:term":[{"taxonomy":"category","embeddable":true,"href":"https:\/\/redebeneditina.org.br\/pioxi\/wp-json\/wp\/v2\/categories?post=36267"},{"taxonomy":"post_tag","embeddable":true,"href":"https:\/\/redebeneditina.org.br\/pioxi\/wp-json\/wp\/v2\/tags?post=36267"}],"curies":[{"name":"wp","href":"https:\/\/api.w.org\/{rel}","templated":true}]}}