{"id":36286,"date":"2026-04-27T09:24:01","date_gmt":"2026-04-27T12:24:01","guid":{"rendered":"https:\/\/redebeneditina.org.br\/pioxi\/?p=36286"},"modified":"2026-04-27T10:53:37","modified_gmt":"2026-04-27T13:53:37","slug":"6o-ano-descobre-como-ossos-e-musculos-trabalham-juntos","status":"publish","type":"post","link":"https:\/\/redebeneditina.org.br\/pioxi\/6o-ano-descobre-como-ossos-e-musculos-trabalham-juntos\/","title":{"rendered":"6\u00ba ano descobre como ossos e m\u00fasculos trabalham juntos"},"content":{"rendered":"<h4>&nbsp;\u201cMiss\u00e3o Movimento: descobrindo o corpo em a\u00e7\u00e3o!\u201d<\/h4>\n<p>Os alunos do 6\u00ba ano embarcaram em uma jornada incr\u00edvel pelo sistema locomotor, explorando como ossos e m\u00fasculos trabalham juntos para permitir cada movimento do nosso corpo!<\/p>\n<p>De forma din\u00e2mica e interativa, eles aprenderam que os ossos formam a estrutura que sustenta o corpo, enquanto os m\u00fasculos entram em a\u00e7\u00e3o para nos fazer andar, correr, pular e at\u00e9 dan\u00e7ar!<\/p>\n<p>A aula foi cheia de participa\u00e7\u00e3o, descobertas e momentos divertidos, onde cada aluno p\u00f4de perceber, no pr\u00f3prio corpo, como a ci\u00eancia est\u00e1 presente em tudo o que fazemos.<\/p>\n<p>Foi um verdadeiro convite para entender que nosso corpo \u00e9 uma m\u00e1quina perfeita \u2014 e que cuidar dele tamb\u00e9m \u00e9 parte do aprendizado!<br \/>\nAqui, aprender \u00e9 se movimentar, experimentar e se surpreender a cada descoberta!<\/p>\nngg_shortcode_0_placeholder\n","protected":false},"excerpt":{"rendered":"<p>&nbsp;\u201cMiss\u00e3o Movimento: descobrindo o corpo em a\u00e7\u00e3o!\u201d Os alunos do 6\u00ba ano embarcaram em uma jornada incr\u00edvel pelo sistema locomotor, explorando como ossos e m\u00fasculos trabalham juntos para permitir cada movimento do nosso corpo! De forma din\u00e2mica e interativa, eles aprenderam que os ossos formam a estrutura que sustenta o corpo, enquanto os m\u00fasculos entram&#8230;<\/p>\n","protected":false},"author":4,"featured_media":36470,"comment_status":"closed","ping_status":"closed","sticky":false,"template":"","format":"standard","meta":{"_monsterinsights_skip_tracking":false,"_monsterinsights_sitenote_active":false,"_monsterinsights_sitenote_note":"","_monsterinsights_sitenote_category":0,"ngg_post_thumbnail":0,"footnotes":""},"categories":[110,90,82],"tags":[],"class_list":["post-36286","post","type-post","status-publish","format-standard","has-post-thumbnail","hentry","category-noticias-ano2026","category-ens-fund_ii","category-noticias"],"_links":{"self":[{"href":"https:\/\/redebeneditina.org.br\/pioxi\/wp-json\/wp\/v2\/posts\/36286","targetHints":{"allow":["GET"]}}],"collection":[{"href":"https:\/\/redebeneditina.org.br\/pioxi\/wp-json\/wp\/v2\/posts"}],"about":[{"href":"https:\/\/redebeneditina.org.br\/pioxi\/wp-json\/wp\/v2\/types\/post"}],"author":[{"embeddable":true,"href":"https:\/\/redebeneditina.org.br\/pioxi\/wp-json\/wp\/v2\/users\/4"}],"replies":[{"embeddable":true,"href":"https:\/\/redebeneditina.org.br\/pioxi\/wp-json\/wp\/v2\/comments?post=36286"}],"version-history":[{"count":1,"href":"https:\/\/redebeneditina.org.br\/pioxi\/wp-json\/wp\/v2\/posts\/36286\/revisions"}],"predecessor-version":[{"id":36296,"href":"https:\/\/redebeneditina.org.br\/pioxi\/wp-json\/wp\/v2\/posts\/36286\/revisions\/36296"}],"wp:featuredmedia":[{"embeddable":true,"href":"https:\/\/redebeneditina.org.br\/pioxi\/wp-json\/wp\/v2\/media\/36470"}],"wp:attachment":[{"href":"https:\/\/redebeneditina.org.br\/pioxi\/wp-json\/wp\/v2\/media?parent=36286"}],"wp:term":[{"taxonomy":"category","embeddable":true,"href":"https:\/\/redebeneditina.org.br\/pioxi\/wp-json\/wp\/v2\/categories?post=36286"},{"taxonomy":"post_tag","embeddable":true,"href":"https:\/\/redebeneditina.org.br\/pioxi\/wp-json\/wp\/v2\/tags?post=36286"}],"curies":[{"name":"wp","href":"https:\/\/api.w.org\/{rel}","templated":true}]}}