{"id":36297,"date":"2026-04-27T10:00:02","date_gmt":"2026-04-27T13:00:02","guid":{"rendered":"https:\/\/redebeneditina.org.br\/pioxi\/?p=36297"},"modified":"2026-04-27T10:08:56","modified_gmt":"2026-04-27T13:08:56","slug":"ciencia-na-pratica-6o-ano-cria-esqueleto-articulado","status":"publish","type":"post","link":"https:\/\/redebeneditina.org.br\/pioxi\/ciencia-na-pratica-6o-ano-cria-esqueleto-articulado\/","title":{"rendered":"Ci\u00eancia na pr\u00e1tica: 6\u00ba ano cria esqueleto articulado"},"content":{"rendered":"<div dir=\"ltr\">\n<div class=\"gmail_quote\">\n<h4 dir=\"ltr\">&nbsp;\u201cEsqueleto em A\u00e7\u00e3o!\u201d<\/h4>\n<div dir=\"ltr\">&nbsp;<\/div>\n<div dir=\"ltr\">Os alunos do 6\u00ba ano colocaram a m\u00e3o na massa e constru\u00edram seu pr\u00f3prio esqueleto articulado!<\/div>\n<div dir=\"ltr\">&nbsp;<\/div>\n<div dir=\"ltr\">De forma divertida e criativa, eles descobriram como os ossos se conectam e permitem os movimentos do nosso corpo. Foi aprendizado com pr\u00e1tica, curiosidade e muita anima\u00e7\u00e3o!<\/div>\n<div dir=\"ltr\">&nbsp;<\/div>\n<div dir=\"ltr\">Aqui, a ci\u00eancia ganha forma \u2014 e se movimenta!<\/div>\n<div dir=\"ltr\">ngg_shortcode_0_placeholder<\/div>\n<\/div>\n<\/div>\n","protected":false},"excerpt":{"rendered":"<p>&nbsp;\u201cEsqueleto em A\u00e7\u00e3o!\u201d &nbsp; Os alunos do 6\u00ba ano colocaram a m\u00e3o na massa e constru\u00edram seu pr\u00f3prio esqueleto articulado! &nbsp; De forma divertida e criativa, eles descobriram como os ossos se conectam e permitem os movimentos do nosso corpo. Foi aprendizado com pr\u00e1tica, curiosidade e muita anima\u00e7\u00e3o! &nbsp; Aqui, a ci\u00eancia ganha forma \u2014&#8230;<\/p>\n","protected":false},"author":4,"featured_media":36299,"comment_status":"closed","ping_status":"closed","sticky":false,"template":"","format":"standard","meta":{"_monsterinsights_skip_tracking":false,"_monsterinsights_sitenote_active":false,"_monsterinsights_sitenote_note":"","_monsterinsights_sitenote_category":0,"ngg_post_thumbnail":0,"footnotes":""},"categories":[110,90,82],"tags":[],"class_list":["post-36297","post","type-post","status-publish","format-standard","has-post-thumbnail","hentry","category-noticias-ano2026","category-ens-fund_ii","category-noticias"],"_links":{"self":[{"href":"https:\/\/redebeneditina.org.br\/pioxi\/wp-json\/wp\/v2\/posts\/36297","targetHints":{"allow":["GET"]}}],"collection":[{"href":"https:\/\/redebeneditina.org.br\/pioxi\/wp-json\/wp\/v2\/posts"}],"about":[{"href":"https:\/\/redebeneditina.org.br\/pioxi\/wp-json\/wp\/v2\/types\/post"}],"author":[{"embeddable":true,"href":"https:\/\/redebeneditina.org.br\/pioxi\/wp-json\/wp\/v2\/users\/4"}],"replies":[{"embeddable":true,"href":"https:\/\/redebeneditina.org.br\/pioxi\/wp-json\/wp\/v2\/comments?post=36297"}],"version-history":[{"count":3,"href":"https:\/\/redebeneditina.org.br\/pioxi\/wp-json\/wp\/v2\/posts\/36297\/revisions"}],"predecessor-version":[{"id":36353,"href":"https:\/\/redebeneditina.org.br\/pioxi\/wp-json\/wp\/v2\/posts\/36297\/revisions\/36353"}],"wp:featuredmedia":[{"embeddable":true,"href":"https:\/\/redebeneditina.org.br\/pioxi\/wp-json\/wp\/v2\/media\/36299"}],"wp:attachment":[{"href":"https:\/\/redebeneditina.org.br\/pioxi\/wp-json\/wp\/v2\/media?parent=36297"}],"wp:term":[{"taxonomy":"category","embeddable":true,"href":"https:\/\/redebeneditina.org.br\/pioxi\/wp-json\/wp\/v2\/categories?post=36297"},{"taxonomy":"post_tag","embeddable":true,"href":"https:\/\/redebeneditina.org.br\/pioxi\/wp-json\/wp\/v2\/tags?post=36297"}],"curies":[{"name":"wp","href":"https:\/\/api.w.org\/{rel}","templated":true}]}}