{"id":36314,"date":"2026-04-27T10:07:33","date_gmt":"2026-04-27T13:07:33","guid":{"rendered":"https:\/\/redebeneditina.org.br\/pioxi\/?p=36314"},"modified":"2026-04-27T10:07:33","modified_gmt":"2026-04-27T13:07:33","slug":"entre-ciencia-e-criatividade-6o-ano-apresenta-incriveis-celulas-3d","status":"publish","type":"post","link":"https:\/\/redebeneditina.org.br\/pioxi\/entre-ciencia-e-criatividade-6o-ano-apresenta-incriveis-celulas-3d\/","title":{"rendered":"Entre ci\u00eancia e criatividade: 6\u00ba ano apresenta incr\u00edveis c\u00e9lulas 3D"},"content":{"rendered":"<h4>Fant\u00e1stica C\u00e9lula da Vida \u2013 Exposi\u00e7\u00e3o da C\u00e9lula 3D&nbsp;<\/h4>\n<p>Os alunos do 6\u00ba ano deram um verdadeiro espet\u00e1culo de criatividade e conhecimento na exposi\u00e7\u00e3o Fant\u00e1stica C\u00e9lula da Vida \u2013 Exposi\u00e7\u00e3o da C\u00e9lula 3D!<\/p>\n<p>Com muita dedica\u00e7\u00e3o, eles constru\u00edram incr\u00edveis modelos de c\u00e9lulas 3D, utilizando os mais variados materiais: massinhas, pap\u00e9is, recicl\u00e1veis e outros recursos que transformaram o aprendizado em algo concreto, visual e encantador. Cada trabalho revelou n\u00e3o apenas o entendimento do conte\u00fado, mas tamb\u00e9m a imagina\u00e7\u00e3o e o capricho dos alunos.<\/p>\n<p>Durante a exposi\u00e7\u00e3o, foi poss\u00edvel observar representa\u00e7\u00f5es ricas e detalhadas de c\u00e9lulas animais e vegetais, mostrando as diferen\u00e7as e estruturas de forma clara, criativa e cheia de significado. Para enriquecer ainda mais a experi\u00eancia, os alunos tamb\u00e9m realizaram a visualiza\u00e7\u00e3o da c\u00e9lula vegetal no microsc\u00f3pio, conectando suas produ\u00e7\u00f5es com a realidade cient\u00edfica de forma pr\u00e1tica e fascinante.<\/p>\n<p>E n\u00e3o parou por a\u00ed! A exposi\u00e7\u00e3o ganhou ainda mais vida com a apresenta\u00e7\u00e3o do animado \u201crap da c\u00e9lula\u201d, que trouxe m\u00fasica, ritmo e divers\u00e3o ao aprendizado, tornando o momento ainda mais envolvente e inesquec\u00edvel.<\/p>\n<p>O resultado foi uma experi\u00eancia empolgante, que uniu aprendizado, protagonismo e muita criatividade, marcando esse momento de forma especial para todos que participaram e visitaram.<\/p>\n<p>Agradecemos especialmente \u00e0 escola e \u00e0s fam\u00edlias pelo apoio, incentivo e parceria, que foram fundamentais para o sucesso desse lindo trabalho!&nbsp;<\/p>\nngg_shortcode_0_placeholder\n","protected":false},"excerpt":{"rendered":"<p>Fant\u00e1stica C\u00e9lula da Vida \u2013 Exposi\u00e7\u00e3o da C\u00e9lula 3D&nbsp; Os alunos do 6\u00ba ano deram um verdadeiro espet\u00e1culo de criatividade e conhecimento na exposi\u00e7\u00e3o Fant\u00e1stica C\u00e9lula da Vida \u2013 Exposi\u00e7\u00e3o da C\u00e9lula 3D! Com muita dedica\u00e7\u00e3o, eles constru\u00edram incr\u00edveis modelos de c\u00e9lulas 3D, utilizando os mais variados materiais: massinhas, pap\u00e9is, recicl\u00e1veis e outros recursos que&#8230;<\/p>\n","protected":false},"author":4,"featured_media":36350,"comment_status":"closed","ping_status":"closed","sticky":false,"template":"","format":"standard","meta":{"_monsterinsights_skip_tracking":false,"_monsterinsights_sitenote_active":false,"_monsterinsights_sitenote_note":"","_monsterinsights_sitenote_category":0,"ngg_post_thumbnail":0,"footnotes":""},"categories":[110,90,82],"tags":[],"class_list":["post-36314","post","type-post","status-publish","format-standard","has-post-thumbnail","hentry","category-noticias-ano2026","category-ens-fund_ii","category-noticias"],"_links":{"self":[{"href":"https:\/\/redebeneditina.org.br\/pioxi\/wp-json\/wp\/v2\/posts\/36314","targetHints":{"allow":["GET"]}}],"collection":[{"href":"https:\/\/redebeneditina.org.br\/pioxi\/wp-json\/wp\/v2\/posts"}],"about":[{"href":"https:\/\/redebeneditina.org.br\/pioxi\/wp-json\/wp\/v2\/types\/post"}],"author":[{"embeddable":true,"href":"https:\/\/redebeneditina.org.br\/pioxi\/wp-json\/wp\/v2\/users\/4"}],"replies":[{"embeddable":true,"href":"https:\/\/redebeneditina.org.br\/pioxi\/wp-json\/wp\/v2\/comments?post=36314"}],"version-history":[{"count":1,"href":"https:\/\/redebeneditina.org.br\/pioxi\/wp-json\/wp\/v2\/posts\/36314\/revisions"}],"predecessor-version":[{"id":36351,"href":"https:\/\/redebeneditina.org.br\/pioxi\/wp-json\/wp\/v2\/posts\/36314\/revisions\/36351"}],"wp:featuredmedia":[{"embeddable":true,"href":"https:\/\/redebeneditina.org.br\/pioxi\/wp-json\/wp\/v2\/media\/36350"}],"wp:attachment":[{"href":"https:\/\/redebeneditina.org.br\/pioxi\/wp-json\/wp\/v2\/media?parent=36314"}],"wp:term":[{"taxonomy":"category","embeddable":true,"href":"https:\/\/redebeneditina.org.br\/pioxi\/wp-json\/wp\/v2\/categories?post=36314"},{"taxonomy":"post_tag","embeddable":true,"href":"https:\/\/redebeneditina.org.br\/pioxi\/wp-json\/wp\/v2\/tags?post=36314"}],"curies":[{"name":"wp","href":"https:\/\/api.w.org\/{rel}","templated":true}]}}