{"id":36373,"date":"2026-04-27T10:22:09","date_gmt":"2026-04-27T13:22:09","guid":{"rendered":"https:\/\/redebeneditina.org.br\/pioxi\/?p=36373"},"modified":"2026-04-27T10:22:09","modified_gmt":"2026-04-27T13:22:09","slug":"o-corpo-em-detalhes-8o-ano-explora-sistemas-com-maquetes-funcionais","status":"publish","type":"post","link":"https:\/\/redebeneditina.org.br\/pioxi\/o-corpo-em-detalhes-8o-ano-explora-sistemas-com-maquetes-funcionais\/","title":{"rendered":"O corpo em detalhes: 8\u00ba ano explora sistemas com maquetes funcionais"},"content":{"rendered":"<p>Os alunos do 8\u00ba ano embarcaram em uma verdadeira viagem pelo corpo humano!<\/p>\n<p>Com criatividade e muita dedica\u00e7\u00e3o, eles constru\u00edram maquetes funcionais dos sistemas urin\u00e1rio, cardiovascular, digest\u00f3rio e respirat\u00f3rio, revelando, de forma concreta e envolvente, o que acontece dentro do nosso organismo.<\/p>\n<p>Um trabalho que transformou a curiosidade em descoberta e fez a ci\u00eancia ganhar vida diante dos olhos!<\/p>\nngg_shortcode_0_placeholder\n","protected":false},"excerpt":{"rendered":"<p>Os alunos do 8\u00ba ano embarcaram em uma verdadeira viagem pelo corpo humano! Com criatividade e muita dedica\u00e7\u00e3o, eles constru\u00edram maquetes funcionais dos sistemas urin\u00e1rio, cardiovascular, digest\u00f3rio e respirat\u00f3rio, revelando, de forma concreta e envolvente, o que acontece dentro do nosso organismo. Um trabalho que transformou a curiosidade em descoberta e fez a ci\u00eancia ganhar&#8230;<\/p>\n","protected":false},"author":4,"featured_media":36396,"comment_status":"closed","ping_status":"closed","sticky":false,"template":"","format":"standard","meta":{"_monsterinsights_skip_tracking":false,"_monsterinsights_sitenote_active":false,"_monsterinsights_sitenote_note":"","_monsterinsights_sitenote_category":0,"ngg_post_thumbnail":0,"footnotes":""},"categories":[110,90,82],"tags":[],"class_list":["post-36373","post","type-post","status-publish","format-standard","has-post-thumbnail","hentry","category-noticias-ano2026","category-ens-fund_ii","category-noticias"],"_links":{"self":[{"href":"https:\/\/redebeneditina.org.br\/pioxi\/wp-json\/wp\/v2\/posts\/36373","targetHints":{"allow":["GET"]}}],"collection":[{"href":"https:\/\/redebeneditina.org.br\/pioxi\/wp-json\/wp\/v2\/posts"}],"about":[{"href":"https:\/\/redebeneditina.org.br\/pioxi\/wp-json\/wp\/v2\/types\/post"}],"author":[{"embeddable":true,"href":"https:\/\/redebeneditina.org.br\/pioxi\/wp-json\/wp\/v2\/users\/4"}],"replies":[{"embeddable":true,"href":"https:\/\/redebeneditina.org.br\/pioxi\/wp-json\/wp\/v2\/comments?post=36373"}],"version-history":[{"count":1,"href":"https:\/\/redebeneditina.org.br\/pioxi\/wp-json\/wp\/v2\/posts\/36373\/revisions"}],"predecessor-version":[{"id":36421,"href":"https:\/\/redebeneditina.org.br\/pioxi\/wp-json\/wp\/v2\/posts\/36373\/revisions\/36421"}],"wp:featuredmedia":[{"embeddable":true,"href":"https:\/\/redebeneditina.org.br\/pioxi\/wp-json\/wp\/v2\/media\/36396"}],"wp:attachment":[{"href":"https:\/\/redebeneditina.org.br\/pioxi\/wp-json\/wp\/v2\/media?parent=36373"}],"wp:term":[{"taxonomy":"category","embeddable":true,"href":"https:\/\/redebeneditina.org.br\/pioxi\/wp-json\/wp\/v2\/categories?post=36373"},{"taxonomy":"post_tag","embeddable":true,"href":"https:\/\/redebeneditina.org.br\/pioxi\/wp-json\/wp\/v2\/tags?post=36373"}],"curies":[{"name":"wp","href":"https:\/\/api.w.org\/{rel}","templated":true}]}}