{"id":36422,"date":"2026-04-27T10:28:36","date_gmt":"2026-04-27T13:28:36","guid":{"rendered":"https:\/\/redebeneditina.org.br\/pioxi\/?p=36422"},"modified":"2026-04-27T10:28:36","modified_gmt":"2026-04-27T13:28:36","slug":"descobertas-ao-microscopio-8o-ano-investiga-a-reproducao-das-flores","status":"publish","type":"post","link":"https:\/\/redebeneditina.org.br\/pioxi\/descobertas-ao-microscopio-8o-ano-investiga-a-reproducao-das-flores\/","title":{"rendered":"Descobertas ao microsc\u00f3pio: 8\u00ba ano investiga a reprodu\u00e7\u00e3o das flores"},"content":{"rendered":"<p>Hoje o laborat\u00f3rio foi palco de descobertas incr\u00edveis!<\/p>\n<p>Os alunos do 8\u00ba ano realizaram a disseca\u00e7\u00e3o de flores para investigar suas partes reprodutivas e, em seguida, observaram as estruturas ao microsc\u00f3pio. Durante a pr\u00e1tica, puderam visualizar gr\u00e3os de p\u00f3len, estruturas filamentosas da flor e, com bastante riqueza de detalhes, a antera com seus sacos pol\u00ednicos \u2014 regi\u00e3o respons\u00e1vel pela produ\u00e7\u00e3o do p\u00f3len.<\/p>\n<p>Para consolidar a aprendizagem, realizaram o registro cient\u00edfico das observa\u00e7\u00f5es em uma folha de atividades, descrevendo e representando, por meio de desenhos, as estruturas analisadas.<\/p>\n<p>Para esta pr\u00e1tica, n\u00e3o foi necess\u00e1rio o uso de luvas, mantendo a atividade segura e adequada ao ambiente escolar.<\/p>\n<p>Ci\u00eancia na pr\u00e1tica, com olhar investigativo e muita curiosidade!<\/p>\nngg_shortcode_0_placeholder\n","protected":false},"excerpt":{"rendered":"<p>Hoje o laborat\u00f3rio foi palco de descobertas incr\u00edveis! Os alunos do 8\u00ba ano realizaram a disseca\u00e7\u00e3o de flores para investigar suas partes reprodutivas e, em seguida, observaram as estruturas ao microsc\u00f3pio. Durante a pr\u00e1tica, puderam visualizar gr\u00e3os de p\u00f3len, estruturas filamentosas da flor e, com bastante riqueza de detalhes, a antera com seus sacos pol\u00ednicos&#8230;<\/p>\n","protected":false},"author":4,"featured_media":36425,"comment_status":"closed","ping_status":"closed","sticky":false,"template":"","format":"standard","meta":{"_monsterinsights_skip_tracking":false,"_monsterinsights_sitenote_active":false,"_monsterinsights_sitenote_note":"","_monsterinsights_sitenote_category":0,"ngg_post_thumbnail":0,"footnotes":""},"categories":[110,90,82],"tags":[],"class_list":["post-36422","post","type-post","status-publish","format-standard","has-post-thumbnail","hentry","category-noticias-ano2026","category-ens-fund_ii","category-noticias"],"_links":{"self":[{"href":"https:\/\/redebeneditina.org.br\/pioxi\/wp-json\/wp\/v2\/posts\/36422","targetHints":{"allow":["GET"]}}],"collection":[{"href":"https:\/\/redebeneditina.org.br\/pioxi\/wp-json\/wp\/v2\/posts"}],"about":[{"href":"https:\/\/redebeneditina.org.br\/pioxi\/wp-json\/wp\/v2\/types\/post"}],"author":[{"embeddable":true,"href":"https:\/\/redebeneditina.org.br\/pioxi\/wp-json\/wp\/v2\/users\/4"}],"replies":[{"embeddable":true,"href":"https:\/\/redebeneditina.org.br\/pioxi\/wp-json\/wp\/v2\/comments?post=36422"}],"version-history":[{"count":1,"href":"https:\/\/redebeneditina.org.br\/pioxi\/wp-json\/wp\/v2\/posts\/36422\/revisions"}],"predecessor-version":[{"id":36452,"href":"https:\/\/redebeneditina.org.br\/pioxi\/wp-json\/wp\/v2\/posts\/36422\/revisions\/36452"}],"wp:featuredmedia":[{"embeddable":true,"href":"https:\/\/redebeneditina.org.br\/pioxi\/wp-json\/wp\/v2\/media\/36425"}],"wp:attachment":[{"href":"https:\/\/redebeneditina.org.br\/pioxi\/wp-json\/wp\/v2\/media?parent=36422"}],"wp:term":[{"taxonomy":"category","embeddable":true,"href":"https:\/\/redebeneditina.org.br\/pioxi\/wp-json\/wp\/v2\/categories?post=36422"},{"taxonomy":"post_tag","embeddable":true,"href":"https:\/\/redebeneditina.org.br\/pioxi\/wp-json\/wp\/v2\/tags?post=36422"}],"curies":[{"name":"wp","href":"https:\/\/api.w.org\/{rel}","templated":true}]}}