{"id":36453,"date":"2026-04-27T10:41:31","date_gmt":"2026-04-27T13:41:31","guid":{"rendered":"https:\/\/redebeneditina.org.br\/pioxi\/?p=36453"},"modified":"2026-04-27T10:41:31","modified_gmt":"2026-04-27T13:41:31","slug":"piquenique-literario-encanta-alunos-do-1o-ano-e-desperta-amor-pela-leitura","status":"publish","type":"post","link":"https:\/\/redebeneditina.org.br\/pioxi\/piquenique-literario-encanta-alunos-do-1o-ano-e-desperta-amor-pela-leitura\/","title":{"rendered":"Piquenique liter\u00e1rio encanta alunos do 1\u00ba ano e desperta amor pela leitura"},"content":{"rendered":"<p>Com o objetivo de incentivar e cultivar o h\u00e1bito da leitura, nossas turmas do 1\u00ba ano viveram uma experi\u00eancia pra l\u00e1 de especial! As crian\u00e7as se caracterizaram como personagens de suas hist\u00f3rias favoritas, tornando a tarde ainda mais m\u00e1gica e significativa.<\/p>\n<p>Entre trocas de hist\u00f3rias, descobertas e muita imagina\u00e7\u00e3o, os alunos participaram de um delicioso piquenique liter\u00e1rio, explorando diferentes livros e compartilhando momentos \u00fanicos com os amigos.<\/p>\n<p>Para enriquecer ainda mais esse momento, recebemos a visita da nossa querida bibliotec\u00e1ria Laura, que conduziu um bate-papo inspirador sobre a import\u00e2ncia da leitura em nossas vidas.<\/p>\n<p>Essa viven tem como prop\u00f3sito, despertando o amor pelos livros e formando leitores cr\u00edticos, criativos e cheios de valores.<\/p>\nngg_shortcode_0_placeholder\n","protected":false},"excerpt":{"rendered":"<p>Com o objetivo de incentivar e cultivar o h\u00e1bito da leitura, nossas turmas do 1\u00ba ano viveram uma experi\u00eancia pra l\u00e1 de especial! As crian\u00e7as se caracterizaram como personagens de suas hist\u00f3rias favoritas, tornando a tarde ainda mais m\u00e1gica e significativa. Entre trocas de hist\u00f3rias, descobertas e muita imagina\u00e7\u00e3o, os alunos participaram de um delicioso&#8230;<\/p>\n","protected":false},"author":4,"featured_media":36454,"comment_status":"closed","ping_status":"closed","sticky":false,"template":"","format":"standard","meta":{"_monsterinsights_skip_tracking":false,"_monsterinsights_sitenote_active":false,"_monsterinsights_sitenote_note":"","_monsterinsights_sitenote_category":0,"ngg_post_thumbnail":0,"footnotes":""},"categories":[110,89,82],"tags":[],"class_list":["post-36453","post","type-post","status-publish","format-standard","has-post-thumbnail","hentry","category-noticias-ano2026","category-ens-fund_i","category-noticias"],"_links":{"self":[{"href":"https:\/\/redebeneditina.org.br\/pioxi\/wp-json\/wp\/v2\/posts\/36453","targetHints":{"allow":["GET"]}}],"collection":[{"href":"https:\/\/redebeneditina.org.br\/pioxi\/wp-json\/wp\/v2\/posts"}],"about":[{"href":"https:\/\/redebeneditina.org.br\/pioxi\/wp-json\/wp\/v2\/types\/post"}],"author":[{"embeddable":true,"href":"https:\/\/redebeneditina.org.br\/pioxi\/wp-json\/wp\/v2\/users\/4"}],"replies":[{"embeddable":true,"href":"https:\/\/redebeneditina.org.br\/pioxi\/wp-json\/wp\/v2\/comments?post=36453"}],"version-history":[{"count":1,"href":"https:\/\/redebeneditina.org.br\/pioxi\/wp-json\/wp\/v2\/posts\/36453\/revisions"}],"predecessor-version":[{"id":36469,"href":"https:\/\/redebeneditina.org.br\/pioxi\/wp-json\/wp\/v2\/posts\/36453\/revisions\/36469"}],"wp:featuredmedia":[{"embeddable":true,"href":"https:\/\/redebeneditina.org.br\/pioxi\/wp-json\/wp\/v2\/media\/36454"}],"wp:attachment":[{"href":"https:\/\/redebeneditina.org.br\/pioxi\/wp-json\/wp\/v2\/media?parent=36453"}],"wp:term":[{"taxonomy":"category","embeddable":true,"href":"https:\/\/redebeneditina.org.br\/pioxi\/wp-json\/wp\/v2\/categories?post=36453"},{"taxonomy":"post_tag","embeddable":true,"href":"https:\/\/redebeneditina.org.br\/pioxi\/wp-json\/wp\/v2\/tags?post=36453"}],"curies":[{"name":"wp","href":"https:\/\/api.w.org\/{rel}","templated":true}]}}