{"id":36483,"date":"2026-04-27T11:03:17","date_gmt":"2026-04-27T14:03:17","guid":{"rendered":"https:\/\/redebeneditina.org.br\/pioxi\/?p=36483"},"modified":"2026-04-27T11:03:17","modified_gmt":"2026-04-27T14:03:17","slug":"palestra-on-line-aborda-seguranca-digital-e-orientacao-parental","status":"publish","type":"post","link":"https:\/\/redebeneditina.org.br\/pioxi\/palestra-on-line-aborda-seguranca-digital-e-orientacao-parental\/","title":{"rendered":"Palestra on-line aborda Seguran\u00e7a Digital e Orienta\u00e7\u00e3o Parental"},"content":{"rendered":"<p>O Instituto Pio XI, em parceria com a Inicie, convida as fam\u00edlias para mais um encontro do Ciclo de Palestras On-line, que traz um tema atual e de grande import\u00e2ncia: <strong data-start=\"259\" data-end=\"302\">Seguran\u00e7a Digital e Orienta\u00e7\u00e3o Parental<\/strong>.<\/p>\n<p>A palestra ser\u00e1 realizada no dia <strong data-start=\"338\" data-end=\"369\">27 de abril (segunda-feira)<\/strong>, das <strong data-start=\"375\" data-end=\"389\">19h \u00e0s 20h<\/strong>, em formato on-line, proporcionando um momento de aprendizado, reflex\u00e3o e troca de experi\u00eancias sobre o uso consciente da tecnologia no dia a dia das crian\u00e7as e adolescentes.<\/p>\n<p data-start=\"753\" data-end=\"833\">Os links para inscri\u00e7\u00e3o e acesso \u00e0 palestra est\u00e3o dispon\u00edveis na <strong data-start=\"818\" data-end=\"832\">Agenda Edu<\/strong>.<\/p>\n<p data-start=\"835\" data-end=\"872\" data-is-last-node=\"\" data-is-only-node=\"\">Contamos com a participa\u00e7\u00e3o de todos!<\/p>\n","protected":false},"excerpt":{"rendered":"<p>O Instituto Pio XI, em parceria com a Inicie, convida as fam\u00edlias para mais um encontro do Ciclo de Palestras On-line, que traz um tema atual e de grande import\u00e2ncia: Seguran\u00e7a Digital e Orienta\u00e7\u00e3o Parental. A palestra ser\u00e1 realizada no dia 27 de abril (segunda-feira), das 19h \u00e0s 20h, em formato on-line, proporcionando um momento&#8230;<\/p>\n","protected":false},"author":4,"featured_media":36484,"comment_status":"closed","ping_status":"closed","sticky":false,"template":"","format":"standard","meta":{"_monsterinsights_skip_tracking":false,"_monsterinsights_sitenote_active":false,"_monsterinsights_sitenote_note":"","_monsterinsights_sitenote_category":0,"ngg_post_thumbnail":0,"footnotes":""},"categories":[110,88,89,90,91,82],"tags":[],"class_list":["post-36483","post","type-post","status-publish","format-standard","has-post-thumbnail","hentry","category-noticias-ano2026","category-ed-infantil","category-ens-fund_i","category-ens-fund_ii","category-ens-medio","category-noticias"],"_links":{"self":[{"href":"https:\/\/redebeneditina.org.br\/pioxi\/wp-json\/wp\/v2\/posts\/36483","targetHints":{"allow":["GET"]}}],"collection":[{"href":"https:\/\/redebeneditina.org.br\/pioxi\/wp-json\/wp\/v2\/posts"}],"about":[{"href":"https:\/\/redebeneditina.org.br\/pioxi\/wp-json\/wp\/v2\/types\/post"}],"author":[{"embeddable":true,"href":"https:\/\/redebeneditina.org.br\/pioxi\/wp-json\/wp\/v2\/users\/4"}],"replies":[{"embeddable":true,"href":"https:\/\/redebeneditina.org.br\/pioxi\/wp-json\/wp\/v2\/comments?post=36483"}],"version-history":[{"count":1,"href":"https:\/\/redebeneditina.org.br\/pioxi\/wp-json\/wp\/v2\/posts\/36483\/revisions"}],"predecessor-version":[{"id":36485,"href":"https:\/\/redebeneditina.org.br\/pioxi\/wp-json\/wp\/v2\/posts\/36483\/revisions\/36485"}],"wp:featuredmedia":[{"embeddable":true,"href":"https:\/\/redebeneditina.org.br\/pioxi\/wp-json\/wp\/v2\/media\/36484"}],"wp:attachment":[{"href":"https:\/\/redebeneditina.org.br\/pioxi\/wp-json\/wp\/v2\/media?parent=36483"}],"wp:term":[{"taxonomy":"category","embeddable":true,"href":"https:\/\/redebeneditina.org.br\/pioxi\/wp-json\/wp\/v2\/categories?post=36483"},{"taxonomy":"post_tag","embeddable":true,"href":"https:\/\/redebeneditina.org.br\/pioxi\/wp-json\/wp\/v2\/tags?post=36483"}],"curies":[{"name":"wp","href":"https:\/\/api.w.org\/{rel}","templated":true}]}}